{"id":989,"date":"2015-04-15T17:23:26","date_gmt":"2015-04-15T16:23:26","guid":{"rendered":"http:\/\/dressler-hassloch.de\/?p=989"},"modified":"2015-04-16T12:04:38","modified_gmt":"2015-04-16T11:04:38","slug":"fruehling-2015","status":"publish","type":"post","link":"https:\/\/dressler-hassloch.de\/?p=989","title":{"rendered":"Fr\u00fchling 2015"},"content":{"rendered":"<p>Unsere Magnolie hat mit ihrer Vollbl\u00fcte am 9.4. endg\u00fcltig das Fr\u00fchjahr im Garten eingel\u00e4utet. Die Rosa-Phase zuvor hat ungef\u00e4hr zwei Wochen gedauert, da war es auch deutlich k\u00fchler. Am 10.4. kamen dann die S\u00fc\u00dfkirsche, am Wochenende (11.\/12. April) die Mirabelle und unsere beiden kleinen Birnb\u00e4ume mit ihrer Vollbl\u00fcte dazu, ebenso im Vorgarten unsere Felsenbirne. Im Moment fliegen bei \u00fcber 20\u00b0 auch die Bienen ganz emsig zwischen den Bl\u00fcten umher.<\/p>\n<p>Da wir am Wochenende In Helmstedt und im Weltnaturerbe &#8220;Nationalpark <a href=\"http:\/\/www.nationalpark-hainich.de\/\" target=\"_blank\">Hainich<\/a>&#8221; (bei Eisenach) waren, konnten wir den Vorsprung der Pfalz auch richtig miterleben. Der Brocken lag noch voll im Schnee, im Hainich selbst war noch kein Gr\u00fcnschimmer in den B\u00e4umen zu sehen, daf\u00fcr war der lichte Waldboden mit Fr\u00fchlingsbl\u00fchern und zartem Gr\u00fcn bedeckt. So einen bl\u00fchenden Waldboden haben wir in der Pfalz nicht.<\/p>\n<p><a href=\"http:\/\/dressler-hassloch.de\/wp-content\/uploads\/DSCN8019_AW.jpg\"><img decoding=\"async\" loading=\"lazy\" class=\"alignnone size-medium wp-image-990\" src=\"http:\/\/dressler-hassloch.de\/wp-content\/uploads\/DSCN8019_AW-300x200.jpg\" alt=\"DSCN8019_AW\" width=\"300\" height=\"200\" srcset=\"https:\/\/dressler-hassloch.de\/wp-content\/uploads\/DSCN8019_AW-300x200.jpg 300w, https:\/\/dressler-hassloch.de\/wp-content\/uploads\/DSCN8019_AW-1024x683.jpg 1024w, https:\/\/dressler-hassloch.de\/wp-content\/uploads\/DSCN8019_AW-624x416.jpg 624w, https:\/\/dressler-hassloch.de\/wp-content\/uploads\/DSCN8019_AW.jpg 1200w\" sizes=\"(max-width: 300px) 100vw, 300px\" \/><\/a><\/p>\n<p>Und auf dem Weg in die Pfalz wurde es dann st\u00e4ndig gr\u00fcner und bunter.<\/p>\n","protected":false},"excerpt":{"rendered":"<p>Unsere Magnolie hat mit ihrer Vollbl\u00fcte am 9.4. endg\u00fcltig das Fr\u00fchjahr im Garten eingel\u00e4utet. Die Rosa-Phase zuvor hat ungef\u00e4hr zwei Wochen gedauert, da war es auch deutlich k\u00fchler. Am 10.4. kamen dann die S\u00fc\u00dfkirsche, am Wochenende (11.\/12. April) die Mirabelle und unsere beiden kleinen Birnb\u00e4ume mit ihrer Vollbl\u00fcte dazu, ebenso im Vorgarten unsere Felsenbirne. Im [&hellip;]<\/p>\n","protected":false},"author":1,"featured_media":0,"comment_status":"closed","ping_status":"open","sticky":false,"template":"","format":"standard","meta":[],"categories":[1,19,8,7],"tags":[],"_links":{"self":[{"href":"https:\/\/dressler-hassloch.de\/index.php?rest_route=\/wp\/v2\/posts\/989"}],"collection":[{"href":"https:\/\/dressler-hassloch.de\/index.php?rest_route=\/wp\/v2\/posts"}],"about":[{"href":"https:\/\/dressler-hassloch.de\/index.php?rest_route=\/wp\/v2\/types\/post"}],"author":[{"embeddable":true,"href":"https:\/\/dressler-hassloch.de\/index.php?rest_route=\/wp\/v2\/users\/1"}],"replies":[{"embeddable":true,"href":"https:\/\/dressler-hassloch.de\/index.php?rest_route=%2Fwp%2Fv2%2Fcomments&post=989"}],"version-history":[{"count":0,"href":"https:\/\/dressler-hassloch.de\/index.php?rest_route=\/wp\/v2\/posts\/989\/revisions"}],"wp:attachment":[{"href":"https:\/\/dressler-hassloch.de\/index.php?rest_route=%2Fwp%2Fv2%2Fmedia&parent=989"}],"wp:term":[{"taxonomy":"category","embeddable":true,"href":"https:\/\/dressler-hassloch.de\/index.php?rest_route=%2Fwp%2Fv2%2Fcategories&post=989"},{"taxonomy":"post_tag","embeddable":true,"href":"https:\/\/dressler-hassloch.de\/index.php?rest_route=%2Fwp%2Fv2%2Ftags&post=989"}],"curies":[{"name":"wp","href":"https:\/\/api.w.org\/{rel}","templated":true}]}}