{"id":951,"date":"2015-02-26T13:56:56","date_gmt":"2015-02-26T12:56:56","guid":{"rendered":"http:\/\/dressler-hassloch.de\/?p=951"},"modified":"2015-03-23T20:30:25","modified_gmt":"2015-03-23T19:30:25","slug":"beginn-der-storchensaison-2015","status":"publish","type":"post","link":"https:\/\/dressler-hassloch.de\/?p=951","title":{"rendered":"Beginn der Storchensaison 2015"},"content":{"rendered":"<p>Ende Februar sind mindestens 7 der vorj\u00e4hrigen Nester schon besetzt. Bei den \u00fcbrigen Nestern werde ich ab und zu mal vorbei radeln und nachschauen. Die Nachz\u00fcgler werden am Ende des Artikels begr\u00fc\u00dft &#8230;.<\/p>\n<p>Meine recht genaue Storchenkarte von 2014 findet sich <a title=\"Die Storchenkarte 2014\" href=\"http:\/\/dressler-hassloch.de\/?p=698\" target=\"_blank\">hier<\/a>.<\/p>\n<p>Das Nest in Geinsheim hatte im Winter sehr h\u00e4ufig Besuch von seinem Storchenpaar,\u00a0 auch das Paar in Lachen-Speyerdorf lie\u00df sich ab und zu sehen. Sie scheinen die \u00dcberwinterung in S\u00fcdeuropa oder Afrika nicht mehr n\u00f6tig zu haben.<\/p>\n<p>Insgesamt also ein guter Start.<\/p>\n<p>Nachtrag am 3.3.: Die Nester am Waldgraben\/Mittelgewann und im Vogelpark sind auch besetzt. Jetzt fehlt nur noch das Storchenpaar auf dem Gest\u00fct von Erden hinter dem Wehlachweiher.<\/p>\n","protected":false},"excerpt":{"rendered":"<p>Ende Februar sind mindestens 7 der vorj\u00e4hrigen Nester schon besetzt. Bei den \u00fcbrigen Nestern werde ich ab und zu mal vorbei radeln und nachschauen. Die Nachz\u00fcgler werden am Ende des Artikels begr\u00fc\u00dft &#8230;. Meine recht genaue Storchenkarte von 2014 findet sich hier. Das Nest in Geinsheim hatte im Winter sehr h\u00e4ufig Besuch von seinem Storchenpaar,\u00a0 [&hellip;]<\/p>\n","protected":false},"author":1,"featured_media":0,"comment_status":"closed","ping_status":"open","sticky":false,"template":"","format":"standard","meta":[],"categories":[7],"tags":[],"_links":{"self":[{"href":"https:\/\/dressler-hassloch.de\/index.php?rest_route=\/wp\/v2\/posts\/951"}],"collection":[{"href":"https:\/\/dressler-hassloch.de\/index.php?rest_route=\/wp\/v2\/posts"}],"about":[{"href":"https:\/\/dressler-hassloch.de\/index.php?rest_route=\/wp\/v2\/types\/post"}],"author":[{"embeddable":true,"href":"https:\/\/dressler-hassloch.de\/index.php?rest_route=\/wp\/v2\/users\/1"}],"replies":[{"embeddable":true,"href":"https:\/\/dressler-hassloch.de\/index.php?rest_route=%2Fwp%2Fv2%2Fcomments&post=951"}],"version-history":[{"count":0,"href":"https:\/\/dressler-hassloch.de\/index.php?rest_route=\/wp\/v2\/posts\/951\/revisions"}],"wp:attachment":[{"href":"https:\/\/dressler-hassloch.de\/index.php?rest_route=%2Fwp%2Fv2%2Fmedia&parent=951"}],"wp:term":[{"taxonomy":"category","embeddable":true,"href":"https:\/\/dressler-hassloch.de\/index.php?rest_route=%2Fwp%2Fv2%2Fcategories&post=951"},{"taxonomy":"post_tag","embeddable":true,"href":"https:\/\/dressler-hassloch.de\/index.php?rest_route=%2Fwp%2Fv2%2Ftags&post=951"}],"curies":[{"name":"wp","href":"https:\/\/api.w.org\/{rel}","templated":true}]}}