{"id":688,"date":"2014-04-01T11:53:16","date_gmt":"2014-04-01T10:53:16","guid":{"rendered":"http:\/\/dressler-hassloch.de\/?p=688"},"modified":"2014-07-29T07:47:32","modified_gmt":"2014-07-29T06:47:32","slug":"die-turmfalken-sind-da","status":"publish","type":"post","link":"https:\/\/dressler-hassloch.de\/?p=688","title":{"rendered":"Die Turmfalken sind da"},"content":{"rendered":"<p>Seit Sonntag (31.3.) haben wir wieder ein Turmfalkenpaar im Baum. Man sieht sie und h\u00f6rt sie sehr deutlich &#8230;&#8230;.<\/p>\n<p>Mal sehen, wie sich das jetzt in den n\u00e4chsten Wochen weiterentwickelt.<\/p>\n<p>Letztes Jahr kamen sie erst in der 2. Aprilh\u00e4lfte und hatten noch einen sehr k\u00fchles Fr\u00fchjahr zu verkraften.<\/p>\n<p>&nbsp;<\/p>\n<p>&nbsp;<\/p>\n","protected":false},"excerpt":{"rendered":"<p>Seit Sonntag (31.3.) haben wir wieder ein Turmfalkenpaar im Baum. Man sieht sie und h\u00f6rt sie sehr deutlich &#8230;&#8230;. Mal sehen, wie sich das jetzt in den n\u00e4chsten Wochen weiterentwickelt. Letztes Jahr kamen sie erst in der 2. Aprilh\u00e4lfte und hatten noch einen sehr k\u00fchles Fr\u00fchjahr zu verkraften. &nbsp; &nbsp;<\/p>\n","protected":false},"author":1,"featured_media":0,"comment_status":"closed","ping_status":"open","sticky":false,"template":"","format":"standard","meta":[],"categories":[1,8,7],"tags":[20],"_links":{"self":[{"href":"https:\/\/dressler-hassloch.de\/index.php?rest_route=\/wp\/v2\/posts\/688"}],"collection":[{"href":"https:\/\/dressler-hassloch.de\/index.php?rest_route=\/wp\/v2\/posts"}],"about":[{"href":"https:\/\/dressler-hassloch.de\/index.php?rest_route=\/wp\/v2\/types\/post"}],"author":[{"embeddable":true,"href":"https:\/\/dressler-hassloch.de\/index.php?rest_route=\/wp\/v2\/users\/1"}],"replies":[{"embeddable":true,"href":"https:\/\/dressler-hassloch.de\/index.php?rest_route=%2Fwp%2Fv2%2Fcomments&post=688"}],"version-history":[{"count":0,"href":"https:\/\/dressler-hassloch.de\/index.php?rest_route=\/wp\/v2\/posts\/688\/revisions"}],"wp:attachment":[{"href":"https:\/\/dressler-hassloch.de\/index.php?rest_route=%2Fwp%2Fv2%2Fmedia&parent=688"}],"wp:term":[{"taxonomy":"category","embeddable":true,"href":"https:\/\/dressler-hassloch.de\/index.php?rest_route=%2Fwp%2Fv2%2Fcategories&post=688"},{"taxonomy":"post_tag","embeddable":true,"href":"https:\/\/dressler-hassloch.de\/index.php?rest_route=%2Fwp%2Fv2%2Ftags&post=688"}],"curies":[{"name":"wp","href":"https:\/\/api.w.org\/{rel}","templated":true}]}}