{"id":683,"date":"2014-03-21T14:12:01","date_gmt":"2014-03-21T13:12:01","guid":{"rendered":"http:\/\/dressler-hassloch.de\/?p=683"},"modified":"2014-03-21T14:12:01","modified_gmt":"2014-03-21T13:12:01","slug":"fruehjahr","status":"publish","type":"post","link":"https:\/\/dressler-hassloch.de\/?p=683","title":{"rendered":"Fr\u00fchjahr"},"content":{"rendered":"<p>Hier ein kurzer Bericht \u00fcber den Fr\u00fchling 2014:<\/p>\n<p>Gestern hatten wir einen richtig warmen Tag mit \u00fcber 20\u00b0, die n\u00e4chsten Tage soll es etwas k\u00fchler werden. Der Winter war ja kein Winter, Radfahren konnte man im Januar und Februar durchgehend ohne Probleme.<\/p>\n<p>Gerade eben habe ich zum ersten Mal unseren Rasen gem\u00e4ht. Die Regenw\u00fcrmer waren flei\u00dfig und Erdh\u00e4ufchen gab es in H\u00fclle und F\u00fclle. Da wir seit ca. 2 Wochen keinen ergiebigen Regen hatten, war das Ganze eine staubige Angelegenheit.<\/p>\n<p>Die Magnolie bl\u00fcht voll, aber nicht so zahlreich. Fr\u00fcher hat man durch die Bl\u00fcten hindurch keine \u00c4ste sehen k\u00f6nnen, das ist leider nicht mehr so. Der Pfirsich im Hof bl\u00fcht, die oberen \u00c4ste der S\u00fc\u00dfkirsche habe auch offene Bl\u00fcten. Unsere Felsenbirne im Vorgarten schimmert wei\u00df, die Mirabelle ist kurz vor dem Aufgehen und die Birnen haben richtig dicke Knospen.<\/p>\n<p>Mein Hummelkasten ist leider leer, obwohl wir sehr viele Hummeln (Garten- und Ackerhummeln) im Garten beobachten k\u00f6nnen. Eine Gartenhummel intererssierte sich mal f\u00fcr den Kasten, krabbelte auch mal rein und raus, aber dann zog sie wohl doch weiter. Unser Turmfalkenpaar vom letzten Jahr hat sich nicht wieder sehen lassen. Turmfalken sind aber in der Umgebung zu beobachten. Im Winter sah man eigentlich keine.<\/p>\n<p>Die St\u00f6rche der Umgebung sind auf allen vorj\u00e4hrigen Nestern aktiv. An der Aum\u00fchle kann man auch schon einen sitzenden (hoffentlich br\u00fctenden) Storch beobachten. Am Hirtenweg stehen sie noch\u00a0 gemeinsam auf dem Nest.<\/p>\n<p>&nbsp;<\/p>\n","protected":false},"excerpt":{"rendered":"<p>Hier ein kurzer Bericht \u00fcber den Fr\u00fchling 2014: Gestern hatten wir einen richtig warmen Tag mit \u00fcber 20\u00b0, die n\u00e4chsten Tage soll es etwas k\u00fchler werden. Der Winter war ja kein Winter, Radfahren konnte man im Januar und Februar durchgehend ohne Probleme. Gerade eben habe ich zum ersten Mal unseren Rasen gem\u00e4ht. Die Regenw\u00fcrmer waren [&hellip;]<\/p>\n","protected":false},"author":1,"featured_media":0,"comment_status":"closed","ping_status":"open","sticky":false,"template":"","format":"standard","meta":[],"categories":[1],"tags":[],"_links":{"self":[{"href":"https:\/\/dressler-hassloch.de\/index.php?rest_route=\/wp\/v2\/posts\/683"}],"collection":[{"href":"https:\/\/dressler-hassloch.de\/index.php?rest_route=\/wp\/v2\/posts"}],"about":[{"href":"https:\/\/dressler-hassloch.de\/index.php?rest_route=\/wp\/v2\/types\/post"}],"author":[{"embeddable":true,"href":"https:\/\/dressler-hassloch.de\/index.php?rest_route=\/wp\/v2\/users\/1"}],"replies":[{"embeddable":true,"href":"https:\/\/dressler-hassloch.de\/index.php?rest_route=%2Fwp%2Fv2%2Fcomments&post=683"}],"version-history":[{"count":0,"href":"https:\/\/dressler-hassloch.de\/index.php?rest_route=\/wp\/v2\/posts\/683\/revisions"}],"wp:attachment":[{"href":"https:\/\/dressler-hassloch.de\/index.php?rest_route=%2Fwp%2Fv2%2Fmedia&parent=683"}],"wp:term":[{"taxonomy":"category","embeddable":true,"href":"https:\/\/dressler-hassloch.de\/index.php?rest_route=%2Fwp%2Fv2%2Fcategories&post=683"},{"taxonomy":"post_tag","embeddable":true,"href":"https:\/\/dressler-hassloch.de\/index.php?rest_route=%2Fwp%2Fv2%2Ftags&post=683"}],"curies":[{"name":"wp","href":"https:\/\/api.w.org\/{rel}","templated":true}]}}