{"id":653,"date":"2014-02-12T21:57:53","date_gmt":"2014-02-12T20:57:53","guid":{"rendered":"http:\/\/dressler-hassloch.de\/?p=653"},"modified":"2014-07-29T07:47:32","modified_gmt":"2014-07-29T06:47:32","slug":"winter-herbst-oder-fruehling","status":"publish","type":"post","link":"https:\/\/dressler-hassloch.de\/?p=653","title":{"rendered":"Winter, Herbst oder Fr\u00fchling?"},"content":{"rendered":"<p>Das aktuelle Wetter (und das Wetter der letzten Wochen) l\u00e4sst keine eindeutige Antwort auf die Frage nach Winter, Herbst oder Fr\u00fchling zu. Plus 10\u00b0 sind f\u00fcr den Winter nicht so richtig typisch.<\/p>\n<p>Beim Radfahren sah ich heute (12.2.2014) zwischen Geinsheim und Gommersheim bl\u00fchende Mandelb\u00e4ume, beim Golfplatz ein Paar pfeifende \/ miauende M\u00e4usebussarde und die Saatkr\u00e4hen sind um ihre Brutb\u00e4ume auch schon richtig aktiv.<\/p>\n<p>Das Storchenpaaar in Lachen-Speyerdorf ist schon zur\u00fcck, die waren sicherlich nicht in Afrika. Ich bin pers\u00f6nlich gespannt, wie schnell sich das Zugverhalten der St\u00f6rche generell ver\u00e4ndert. Die Kurzzieher haben ja bei der Wahl des Nistplatzes offensichtlich Vorteile, die Langzieher bzw. Richtigzieher gucken dann auf schon besetzte Nester.<\/p>\n<p>Die Winzer sind mit dem Rebschnitt voll zugange. Die \u00c4cker und Wiesen sind richtig nass, die private Gartenarbeit kann deswegen (gl\u00fccklicherweise) noch warten.<\/p>\n","protected":false},"excerpt":{"rendered":"<p>Das aktuelle Wetter (und das Wetter der letzten Wochen) l\u00e4sst keine eindeutige Antwort auf die Frage nach Winter, Herbst oder Fr\u00fchling zu. Plus 10\u00b0 sind f\u00fcr den Winter nicht so richtig typisch. Beim Radfahren sah ich heute (12.2.2014) zwischen Geinsheim und Gommersheim bl\u00fchende Mandelb\u00e4ume, beim Golfplatz ein Paar pfeifende \/ miauende M\u00e4usebussarde und die Saatkr\u00e4hen [&hellip;]<\/p>\n","protected":false},"author":1,"featured_media":0,"comment_status":"closed","ping_status":"open","sticky":false,"template":"","format":"standard","meta":[],"categories":[1,7],"tags":[],"_links":{"self":[{"href":"https:\/\/dressler-hassloch.de\/index.php?rest_route=\/wp\/v2\/posts\/653"}],"collection":[{"href":"https:\/\/dressler-hassloch.de\/index.php?rest_route=\/wp\/v2\/posts"}],"about":[{"href":"https:\/\/dressler-hassloch.de\/index.php?rest_route=\/wp\/v2\/types\/post"}],"author":[{"embeddable":true,"href":"https:\/\/dressler-hassloch.de\/index.php?rest_route=\/wp\/v2\/users\/1"}],"replies":[{"embeddable":true,"href":"https:\/\/dressler-hassloch.de\/index.php?rest_route=%2Fwp%2Fv2%2Fcomments&post=653"}],"version-history":[{"count":0,"href":"https:\/\/dressler-hassloch.de\/index.php?rest_route=\/wp\/v2\/posts\/653\/revisions"}],"wp:attachment":[{"href":"https:\/\/dressler-hassloch.de\/index.php?rest_route=%2Fwp%2Fv2%2Fmedia&parent=653"}],"wp:term":[{"taxonomy":"category","embeddable":true,"href":"https:\/\/dressler-hassloch.de\/index.php?rest_route=%2Fwp%2Fv2%2Fcategories&post=653"},{"taxonomy":"post_tag","embeddable":true,"href":"https:\/\/dressler-hassloch.de\/index.php?rest_route=%2Fwp%2Fv2%2Ftags&post=653"}],"curies":[{"name":"wp","href":"https:\/\/api.w.org\/{rel}","templated":true}]}}