{"id":599,"date":"2013-10-23T15:21:02","date_gmt":"2013-10-23T14:21:02","guid":{"rendered":"http:\/\/dressler-hassloch.de\/?p=599"},"modified":"2014-07-29T07:49:01","modified_gmt":"2014-07-29T06:49:01","slug":"herbst","status":"publish","type":"post","link":"https:\/\/dressler-hassloch.de\/?p=599","title":{"rendered":"Herbst"},"content":{"rendered":"<p>22.10.2013<\/p>\n<p>Der (sonnige) Herbst hat endg\u00fcltig begonnen.<\/p>\n<p>Der Rasen konnte noch einmal geschnitten werden, die Felsenbirne hat ihre Bl\u00e4tter schon abgeworfen, die Magnolie ist gerade dabei. Alles sieht nach Herbst aus.<\/p>\n<p>Neu gepflanzt haben wir Johannisbeerstr\u00e4ucher, duftende Pfingstrosen und jetzt werden noch einige Blumenzwiebel f\u00fcr das Fr\u00fchjahr verbuddelt.<\/p>\n<p>Insgesamt war das Gartenjahr etwas ungew\u00f6hnlich, da wir im Fr\u00fchjahr ca. 3 Wochen durch schlechtes und kaltes Wetter verloren haben. Das war f\u00fcr viele Fr\u00fcchte dann nicht mehr aufzuholen. Die Ernte unserer sp\u00e4ten Himbeeren war gut.<\/p>\n<p>Unser Nussbaum hatte viele N\u00fcsse, aber leider wurden fast alle wieder schwarz. Dieses Problem hat anscheinend die ganze Pfalz und keiner kennt eine gute L\u00f6sung.<\/p>\n<p>Von unseren Turmfalken haben wir \u00fcberhaupt nichts mehr gesehen. Hummeln waren im Sommer viele unterwegs, jetzt sieht man immer noch einzelne umherfliegen. Vielleicht ist unsere Hummelk\u00f6nigin f\u00fcr das n\u00e4chste Fr\u00fchjahr dabei &#8230;<\/p>\n","protected":false},"excerpt":{"rendered":"<p>22.10.2013 Der (sonnige) Herbst hat endg\u00fcltig begonnen. Der Rasen konnte noch einmal geschnitten werden, die Felsenbirne hat ihre Bl\u00e4tter schon abgeworfen, die Magnolie ist gerade dabei. Alles sieht nach Herbst aus. Neu gepflanzt haben wir Johannisbeerstr\u00e4ucher, duftende Pfingstrosen und jetzt werden noch einige Blumenzwiebel f\u00fcr das Fr\u00fchjahr verbuddelt. Insgesamt war das Gartenjahr etwas ungew\u00f6hnlich, da [&hellip;]<\/p>\n","protected":false},"author":1,"featured_media":0,"comment_status":"closed","ping_status":"open","sticky":false,"template":"","format":"standard","meta":[],"categories":[1,8],"tags":[],"_links":{"self":[{"href":"https:\/\/dressler-hassloch.de\/index.php?rest_route=\/wp\/v2\/posts\/599"}],"collection":[{"href":"https:\/\/dressler-hassloch.de\/index.php?rest_route=\/wp\/v2\/posts"}],"about":[{"href":"https:\/\/dressler-hassloch.de\/index.php?rest_route=\/wp\/v2\/types\/post"}],"author":[{"embeddable":true,"href":"https:\/\/dressler-hassloch.de\/index.php?rest_route=\/wp\/v2\/users\/1"}],"replies":[{"embeddable":true,"href":"https:\/\/dressler-hassloch.de\/index.php?rest_route=%2Fwp%2Fv2%2Fcomments&post=599"}],"version-history":[{"count":0,"href":"https:\/\/dressler-hassloch.de\/index.php?rest_route=\/wp\/v2\/posts\/599\/revisions"}],"wp:attachment":[{"href":"https:\/\/dressler-hassloch.de\/index.php?rest_route=%2Fwp%2Fv2%2Fmedia&parent=599"}],"wp:term":[{"taxonomy":"category","embeddable":true,"href":"https:\/\/dressler-hassloch.de\/index.php?rest_route=%2Fwp%2Fv2%2Fcategories&post=599"},{"taxonomy":"post_tag","embeddable":true,"href":"https:\/\/dressler-hassloch.de\/index.php?rest_route=%2Fwp%2Fv2%2Ftags&post=599"}],"curies":[{"name":"wp","href":"https:\/\/api.w.org\/{rel}","templated":true}]}}