{"id":519,"date":"2013-08-17T08:41:03","date_gmt":"2013-08-17T07:41:03","guid":{"rendered":"http:\/\/dressler-hassloch.de\/?p=519"},"modified":"2014-07-29T07:49:01","modified_gmt":"2014-07-29T06:49:01","slug":"die-turmfalken-sind-ausgeflogen","status":"publish","type":"post","link":"https:\/\/dressler-hassloch.de\/?p=519","title":{"rendered":"Die Turmfalken sind ausgeflogen"},"content":{"rendered":"<p>Am Freitag (15.8.) konnten wir noch ein Junges auf\u00a0 den D\u00e4chern um uns herum beobachten. Gestern (16.8.) sind die Turmfalken wohl endg\u00fcltig ausgeflogen. Wir sahen sie den ganzen Tag nicht. Das Nest blieb auch abends leer.<\/p>\n<p>Vieleicht bekommen wir ja n\u00e4chstes Jahr wieder ein br\u00fctendes Turmfalkenpaar auf unserer gro\u00dfen Tanne.<\/p>\n<p>Jetzt werde ich mal meine Fotos sortieren und eine Auswahl ver\u00f6ffentlichen.<\/p>\n<p>&nbsp;<\/p>\n","protected":false},"excerpt":{"rendered":"<p>Am Freitag (15.8.) konnten wir noch ein Junges auf\u00a0 den D\u00e4chern um uns herum beobachten. Gestern (16.8.) sind die Turmfalken wohl endg\u00fcltig ausgeflogen. Wir sahen sie den ganzen Tag nicht. Das Nest blieb auch abends leer. Vieleicht bekommen wir ja n\u00e4chstes Jahr wieder ein br\u00fctendes Turmfalkenpaar auf unserer gro\u00dfen Tanne. Jetzt werde ich mal meine [&hellip;]<\/p>\n","protected":false},"author":1,"featured_media":0,"comment_status":"closed","ping_status":"open","sticky":false,"template":"","format":"standard","meta":[],"categories":[1,8],"tags":[20],"_links":{"self":[{"href":"https:\/\/dressler-hassloch.de\/index.php?rest_route=\/wp\/v2\/posts\/519"}],"collection":[{"href":"https:\/\/dressler-hassloch.de\/index.php?rest_route=\/wp\/v2\/posts"}],"about":[{"href":"https:\/\/dressler-hassloch.de\/index.php?rest_route=\/wp\/v2\/types\/post"}],"author":[{"embeddable":true,"href":"https:\/\/dressler-hassloch.de\/index.php?rest_route=\/wp\/v2\/users\/1"}],"replies":[{"embeddable":true,"href":"https:\/\/dressler-hassloch.de\/index.php?rest_route=%2Fwp%2Fv2%2Fcomments&post=519"}],"version-history":[{"count":0,"href":"https:\/\/dressler-hassloch.de\/index.php?rest_route=\/wp\/v2\/posts\/519\/revisions"}],"wp:attachment":[{"href":"https:\/\/dressler-hassloch.de\/index.php?rest_route=%2Fwp%2Fv2%2Fmedia&parent=519"}],"wp:term":[{"taxonomy":"category","embeddable":true,"href":"https:\/\/dressler-hassloch.de\/index.php?rest_route=%2Fwp%2Fv2%2Fcategories&post=519"},{"taxonomy":"post_tag","embeddable":true,"href":"https:\/\/dressler-hassloch.de\/index.php?rest_route=%2Fwp%2Fv2%2Ftags&post=519"}],"curies":[{"name":"wp","href":"https:\/\/api.w.org\/{rel}","templated":true}]}}