{"id":439,"date":"2013-06-25T21:21:12","date_gmt":"2013-06-25T20:21:12","guid":{"rendered":"http:\/\/dressler-hassloch.de\/?p=439"},"modified":"2014-07-29T07:49:27","modified_gmt":"2014-07-29T06:49:27","slug":"nolde-ausstellung-in-baden-baden","status":"publish","type":"post","link":"https:\/\/dressler-hassloch.de\/?p=439","title":{"rendered":"Nolde-Ausstellung in Baden-Baden"},"content":{"rendered":"<p>Heute (25.6.2013) waren wir in der Nolde-Ausstellung im <a href=\"http:\/\/www.museum-frieder-burda.de\" target=\"_blank\">Frieder-Burda-Museum<\/a> in Baden-Baden. Der Besuch lohnte sich. Die ausgestellten Bilder waren \u00fcbersichtlich pr\u00e4sentiert und gaben einen \u00dcberblck \u00fcber etwa 50 Jahre seines Schaffens. Die F\u00fchrung war gut. Nach dem Besuch der Ausstellung sollte man Nolde-Bilder erkennen k\u00f6nnen. Thematik: Menschen, Blumen (&#8220;Roter Mohn&#8221;), Meer, Landschaft. Kr\u00e4ftige, strahlende Farben. Kr\u00e4ftige Pinselstriche.<\/p>\n<p>Das Ausstellungsgeb\u00e4ude selbst besteht aus zwei gro\u00dfen Ebenen, die mit weiten Schr\u00e4gen verbunden sind. Ein \u00fcbersichtlicher Bau mit einer sch\u00f6nen Beleuchtung. Baden-Baden ist auch einmal einen Besuch wert.<\/p>\n<p>Der Besuch wurde organisiert vom Kneipp-Verein Neustadt. Wir werden mal dessen Reiseprogramm weiter verfolgen. Es sieht interessant aus.<\/p>\n","protected":false},"excerpt":{"rendered":"<p>Heute (25.6.2013) waren wir in der Nolde-Ausstellung im Frieder-Burda-Museum in Baden-Baden. Der Besuch lohnte sich. Die ausgestellten Bilder waren \u00fcbersichtlich pr\u00e4sentiert und gaben einen \u00dcberblck \u00fcber etwa 50 Jahre seines Schaffens. Die F\u00fchrung war gut. Nach dem Besuch der Ausstellung sollte man Nolde-Bilder erkennen k\u00f6nnen. Thematik: Menschen, Blumen (&#8220;Roter Mohn&#8221;), Meer, Landschaft. Kr\u00e4ftige, strahlende Farben. [&hellip;]<\/p>\n","protected":false},"author":1,"featured_media":0,"comment_status":"open","ping_status":"open","sticky":false,"template":"","format":"standard","meta":[],"categories":[1,19],"tags":[],"_links":{"self":[{"href":"https:\/\/dressler-hassloch.de\/index.php?rest_route=\/wp\/v2\/posts\/439"}],"collection":[{"href":"https:\/\/dressler-hassloch.de\/index.php?rest_route=\/wp\/v2\/posts"}],"about":[{"href":"https:\/\/dressler-hassloch.de\/index.php?rest_route=\/wp\/v2\/types\/post"}],"author":[{"embeddable":true,"href":"https:\/\/dressler-hassloch.de\/index.php?rest_route=\/wp\/v2\/users\/1"}],"replies":[{"embeddable":true,"href":"https:\/\/dressler-hassloch.de\/index.php?rest_route=%2Fwp%2Fv2%2Fcomments&post=439"}],"version-history":[{"count":0,"href":"https:\/\/dressler-hassloch.de\/index.php?rest_route=\/wp\/v2\/posts\/439\/revisions"}],"wp:attachment":[{"href":"https:\/\/dressler-hassloch.de\/index.php?rest_route=%2Fwp%2Fv2%2Fmedia&parent=439"}],"wp:term":[{"taxonomy":"category","embeddable":true,"href":"https:\/\/dressler-hassloch.de\/index.php?rest_route=%2Fwp%2Fv2%2Fcategories&post=439"},{"taxonomy":"post_tag","embeddable":true,"href":"https:\/\/dressler-hassloch.de\/index.php?rest_route=%2Fwp%2Fv2%2Ftags&post=439"}],"curies":[{"name":"wp","href":"https:\/\/api.w.org\/{rel}","templated":true}]}}