{"id":3126,"date":"2023-08-31T16:06:52","date_gmt":"2023-08-31T15:06:52","guid":{"rendered":"https:\/\/dressler-hassloch.de\/?p=3126"},"modified":"2023-09-05T21:58:36","modified_gmt":"2023-09-05T20:58:36","slug":"radtour-im-dreilaendereck-lux-bel-deu-2023","status":"publish","type":"post","link":"https:\/\/dressler-hassloch.de\/?p=3126","title":{"rendered":"Radtour im Dreil\u00e4ndereck (L, B, D) 2023"},"content":{"rendered":"\n<p>DIE TEXTE FOLGEN NOCH!<\/p>\n\n\n\n<p>Los ging es mit 23 Radlern bei Pfadt-Reisen in Germersheim. Der Bus brachte uns \u00fcber den Hunsr\u00fcck und Trier nach Wasserbillig in Luxemburg. Direkt an der Einm\u00fcndung der Sauer in die Mosel  luden wir unsere R\u00e4der aus dem Anh\u00e4nger, st\u00e4rkten uns aber vor dem Start erst einmal mit einem Picknick am Bus. Unser &#8220;Mittagessen&#8221; gab es immer nur als Picknick, da immer weniger Gastst\u00e4tten im l\u00e4ndlichen Raum mittags ge\u00f6ffnet haben. <\/p>\n\n\n\n<p>In Wasserbillig kam auch unser Radreiseleiter zu unserer Gruppe. Er war nicht allein, sondern brachte f\u00fcr &#8220;Trainingszwecke&#8221; sein ganzes Team mit. Somit hatten wir auch eine professionelle &#8220;Schlussfrau&#8221; und mussten uns nicht jedesmal vor dem Start  die Frage&#8221;wer f\u00e4hrt heute hinten?&#8221; anh\u00f6ren und beantworten.<\/p>\n\n\n\n<p>IEs waren nur 4 normale R\u00e4der am Start, alle anderen Mitfahrer setzten auf die sanfte Unterst\u00fctzung des E-Motors. Auch ich war das erste mal mit einem E-Bike dabei. <\/p>\n\n\n\n<p>Die erste Etappe f\u00fchrte direkt an der Sauer entlang gen Norden. Auf unserer Seite Luxemburg, auf der anderen Seite der Sauer Deutschland. Der Radweg war sehr gut ausgebaut. Uns begegneten viele Radfahrer, vielleicht f\u00e4hrt man eher Sauer abw\u00e4rts? In Echternach hatten wir dann Zeit f\u00fcr einen Stadtrundgang und einen Blick in die Basilika, bevor wir uns dann zum Tagesziel Berdorf wieder auf die Fahrr\u00e4der setzten. Bis zum Ziel waren dann noch 200 H\u00f6henmeter zu \u00fcberwinden &#8230;..<\/p>\n\n\n\n<iframe loading=\"lazy\" src=\"https:\/\/www.komoot.de\/tour\/1279564004\/embed?profile=1&amp;share_token=a6gimHVnEEsyDiK6cP22EvozmEBQNKizrl45K0v6PhbXQwA6RI\" width=\"100%\" height=\"700\" frameborder=\"0\" scrolling=\"no\"><\/iframe>\n\n\n\n<iframe loading=\"lazy\" src=\"https:\/\/www.komoot.de\/tour\/1281020526\/embed?profile=1&amp;share_token=aeSD3OGxq43UyyRn60zcShqqkPFnMgmp3hRWBfvTvrAykdFNTI\" width=\"100%\" height=\"700\" frameborder=\"0\" scrolling=\"no\"><\/iframe>\n\n\n\n<iframe loading=\"lazy\" src=\"https:\/\/www.komoot.de\/tour\/1282152588\/embed?profile=1&amp;share_token=aScwzBzrFXmrYrUAoUlhe1XKac8IkpdNwNJuCD3xOhHNNIZgxE\" width=\"100%\" height=\"700\" frameborder=\"0\" scrolling=\"no\"><\/iframe>\n\n\n\n<iframe loading=\"lazy\" src=\"https:\/\/www.komoot.de\/tour\/1283199173\/embed?profile=1&amp;share_token=ahwbNMS2wbQ5pFbcr0vpZ0YpORKQlM11wG2ntEX4rkpe8py0ev\" width=\"100%\" height=\"700\" frameborder=\"0\" scrolling=\"no\"><\/iframe>\n\n\n\n<iframe loading=\"lazy\" src=\"https:\/\/www.komoot.de\/tour\/1284252209\/embed?profile=1&amp;share_token=aoOI9BHieV6Rcr91SLhafCSgU5dOlNu8gLyyLVoFqsTVSnieXo\" width=\"100%\" height=\"700\" frameborder=\"0\" scrolling=\"no\"><\/iframe>\n","protected":false},"excerpt":{"rendered":"<p>DIE TEXTE FOLGEN NOCH! Los ging es mit 23 Radlern bei Pfadt-Reisen in Germersheim. Der Bus brachte uns \u00fcber den Hunsr\u00fcck und Trier nach Wasserbillig in Luxemburg. Direkt an der Einm\u00fcndung der Sauer in die Mosel luden wir unsere R\u00e4der aus dem Anh\u00e4nger, st\u00e4rkten uns aber vor dem Start erst einmal mit einem Picknick am [&hellip;]<\/p>\n","protected":false},"author":1,"featured_media":0,"comment_status":"closed","ping_status":"open","sticky":false,"template":"","format":"standard","meta":[],"categories":[19,4],"tags":[],"_links":{"self":[{"href":"https:\/\/dressler-hassloch.de\/index.php?rest_route=\/wp\/v2\/posts\/3126"}],"collection":[{"href":"https:\/\/dressler-hassloch.de\/index.php?rest_route=\/wp\/v2\/posts"}],"about":[{"href":"https:\/\/dressler-hassloch.de\/index.php?rest_route=\/wp\/v2\/types\/post"}],"author":[{"embeddable":true,"href":"https:\/\/dressler-hassloch.de\/index.php?rest_route=\/wp\/v2\/users\/1"}],"replies":[{"embeddable":true,"href":"https:\/\/dressler-hassloch.de\/index.php?rest_route=%2Fwp%2Fv2%2Fcomments&post=3126"}],"version-history":[{"count":4,"href":"https:\/\/dressler-hassloch.de\/index.php?rest_route=\/wp\/v2\/posts\/3126\/revisions"}],"predecessor-version":[{"id":3140,"href":"https:\/\/dressler-hassloch.de\/index.php?rest_route=\/wp\/v2\/posts\/3126\/revisions\/3140"}],"wp:attachment":[{"href":"https:\/\/dressler-hassloch.de\/index.php?rest_route=%2Fwp%2Fv2%2Fmedia&parent=3126"}],"wp:term":[{"taxonomy":"category","embeddable":true,"href":"https:\/\/dressler-hassloch.de\/index.php?rest_route=%2Fwp%2Fv2%2Fcategories&post=3126"},{"taxonomy":"post_tag","embeddable":true,"href":"https:\/\/dressler-hassloch.de\/index.php?rest_route=%2Fwp%2Fv2%2Ftags&post=3126"}],"curies":[{"name":"wp","href":"https:\/\/api.w.org\/{rel}","templated":true}]}}