{"id":2713,"date":"2022-01-06T22:04:07","date_gmt":"2022-01-06T21:04:07","guid":{"rendered":"http:\/\/dressler-hassloch.de\/?p=2713"},"modified":"2023-04-04T08:43:58","modified_gmt":"2023-04-04T07:43:58","slug":"tuerkentaube-2021","status":"publish","type":"post","link":"https:\/\/dressler-hassloch.de\/?p=2713","title":{"rendered":"T\u00fcrkentaube 2021 ff"},"content":{"rendered":"\n<p>Ende Juli fing eine P\u00e4rchen T\u00fcrkentauben an, sich f\u00fcr das Dach von unserem Starenkasten oben am Haus zu interessieren. Sie probierten dann einige Tage auf diesem kleinen Dach ein Nest zu bauen. Aber das meiste vom Baumaterial rutschte ab und lag dann auf dem Boden. Wir sahen das Projekt als gescheitert an.<\/p>\n\n\n\n<p>Nach unserem Kurzurlaub in Berlin, genauer am 10.8., erkannten wir dann eine br\u00fctende Taube auf dem Nest. Offensichtlich hatten sie nicht aufgegeben und waren erfolgreich. Das Nest besteht ja auch nur aus ein paar Zweigen und \u00c4sten, sonst nichts!<\/p>\n\n\n\n<p>Ich war bereit, den T\u00fcrkentauben eine Chance zu geben. Erstens sind sie nicht gar so laut wie die anderen Taubenarten und ich freue mich immer, wenn ich ein P\u00e4rchen im Garten beobachten kann. Sie unternehmen Vieles (oder fast Alles) gemeinsam.<\/p>\n\n\n\n<p>Am 23.8. fanden wir dann eine leere Eierschale auf dem Boden, der Form und Gr\u00f6\u00dfe nach von einem Taubenei. Die Taube sa\u00df weiterhin stoisch auf dem Nest. Eine F\u00fctterung konnten wir nicht beobachten. Einige Tage sp\u00e4ter konnte man dann auch die ersten Anzeichen von Taubenk\u00fcken mit dem Fernglas erkennen.<\/p>\n\n\n\n<figure class=\"wp-block-gallery has-nested-images columns-default is-cropped wp-block-gallery-1 is-layout-flex wp-block-gallery-is-layout-flex\">\n<figure class=\"wp-block-image size-large\"><a href=\"https:\/\/dressler-hassloch.de\/wp-content\/uploads\/P1000847_AW.jpg\"><img decoding=\"async\" loading=\"lazy\" width=\"1024\" height=\"1024\" data-id=\"2848\" src=\"https:\/\/dressler-hassloch.de\/wp-content\/uploads\/P1000847_AW-1024x1024.jpg\" alt=\"\" class=\"wp-image-2848\" srcset=\"https:\/\/dressler-hassloch.de\/wp-content\/uploads\/P1000847_AW-1024x1024.jpg 1024w, https:\/\/dressler-hassloch.de\/wp-content\/uploads\/P1000847_AW-300x300.jpg 300w, https:\/\/dressler-hassloch.de\/wp-content\/uploads\/P1000847_AW-150x150.jpg 150w, https:\/\/dressler-hassloch.de\/wp-content\/uploads\/P1000847_AW-768x768.jpg 768w, https:\/\/dressler-hassloch.de\/wp-content\/uploads\/P1000847_AW-624x624.jpg 624w, https:\/\/dressler-hassloch.de\/wp-content\/uploads\/P1000847_AW-50x50.jpg 50w, https:\/\/dressler-hassloch.de\/wp-content\/uploads\/P1000847_AW.jpg 1200w\" sizes=\"(max-width: 1024px) 100vw, 1024px\" \/><\/a><\/figure>\n\n\n\n<figure class=\"wp-block-image size-large\"><a href=\"https:\/\/dressler-hassloch.de\/wp-content\/uploads\/P1000880_AW.jpg\"><img decoding=\"async\" loading=\"lazy\" width=\"1024\" height=\"1024\" data-id=\"2849\" src=\"https:\/\/dressler-hassloch.de\/wp-content\/uploads\/P1000880_AW-1024x1024.jpg\" alt=\"\" class=\"wp-image-2849\" srcset=\"https:\/\/dressler-hassloch.de\/wp-content\/uploads\/P1000880_AW-1024x1024.jpg 1024w, https:\/\/dressler-hassloch.de\/wp-content\/uploads\/P1000880_AW-300x300.jpg 300w, https:\/\/dressler-hassloch.de\/wp-content\/uploads\/P1000880_AW-150x150.jpg 150w, https:\/\/dressler-hassloch.de\/wp-content\/uploads\/P1000880_AW-768x768.jpg 768w, https:\/\/dressler-hassloch.de\/wp-content\/uploads\/P1000880_AW-624x624.jpg 624w, https:\/\/dressler-hassloch.de\/wp-content\/uploads\/P1000880_AW-50x50.jpg 50w, https:\/\/dressler-hassloch.de\/wp-content\/uploads\/P1000880_AW.jpg 1200w\" sizes=\"(max-width: 1024px) 100vw, 1024px\" \/><\/a><\/figure>\n\n\n\n<figure class=\"wp-block-image size-large\"><a href=\"https:\/\/dressler-hassloch.de\/wp-content\/uploads\/P1000881_AW.jpg\"><img decoding=\"async\" loading=\"lazy\" width=\"1024\" height=\"1024\" data-id=\"2850\" src=\"https:\/\/dressler-hassloch.de\/wp-content\/uploads\/P1000881_AW-1024x1024.jpg\" alt=\"\" class=\"wp-image-2850\" srcset=\"https:\/\/dressler-hassloch.de\/wp-content\/uploads\/P1000881_AW-1024x1024.jpg 1024w, https:\/\/dressler-hassloch.de\/wp-content\/uploads\/P1000881_AW-300x300.jpg 300w, https:\/\/dressler-hassloch.de\/wp-content\/uploads\/P1000881_AW-150x150.jpg 150w, https:\/\/dressler-hassloch.de\/wp-content\/uploads\/P1000881_AW-768x768.jpg 768w, https:\/\/dressler-hassloch.de\/wp-content\/uploads\/P1000881_AW-624x624.jpg 624w, https:\/\/dressler-hassloch.de\/wp-content\/uploads\/P1000881_AW-50x50.jpg 50w, https:\/\/dressler-hassloch.de\/wp-content\/uploads\/P1000881_AW.jpg 1200w\" sizes=\"(max-width: 1024px) 100vw, 1024px\" \/><\/a><\/figure>\n<\/figure>\n\n\n\n<p>Um den 30.8. waren dann die Taubeneltern nur noch selten zu sehen und die zwei Jungen gediehen pr\u00e4chtig. Eine F\u00fctterung konnten wir wiederum nicht direkt beobachten. Aber verhungert sind sie definitiv nicht.<\/p>\n\n\n\n<p>Aus der Literatur: Die ersten 6 &#8211; 8 Tage werden sie mit vorverdauter Nahrung aus dem Kropf gef\u00fcttert, dann auf feste K\u00f6rnernahrung umgestellt. Die Abst\u00e4nde zwischen den F\u00fctterungen sind gro\u00df. Nichts gegen den Rotschwanz, der alle paar Minuten Futter anschleppt.<\/p>\n\n\n\n<p>Die erste Jungtaube flog am 7.9.2021 aus, die zweite einen Tag sp\u00e4ter. Vorher haben sie intensiv ihre Gefieder geputzt und auch etwas mit den Fl\u00fcgeln geschlagen. Den ersten Flug selbst habe ich leider nicht beobachten k\u00f6nnen. Und einen Probeflug gab es nicht &#8230;.<\/p>\n\n\n\n<p>Das Nest ist jetzt verlassen. Mal sehen, ob ich sie noch einmal in der N\u00e4he vom Nest sehe. Man k\u00f6nnte die jungen Tauben im Moment noch an der Kopfform und der F\u00e4rbung von den Alttauben unterscheiden. <\/p>\n\n\n\n<p>In der Zeit danach sahen wir weder die Alttauben noch die Jungen in der N\u00e4he vom Nest.<\/p>\n\n\n\n<p>Im Winter 21\/22 sah man so gut wie keine der T\u00fcrkentauben. Anfang M\u00e4rz 22 konnte man die ersten Paare wieder sehen und h\u00f6ren. Keine Ahnung, wo sie im Winter waren. Wir lassen das Nest einfach mal ungest\u00f6rt bestehen.<\/p>\n\n\n\n<p>Am 19.3.22 war dann &#8220;pl\u00f6tzlich&#8221; eine T\u00fcrkentaube auf dem alten Nest am Br\u00fcten. Am 1.4. fand ich Eierschalenreste  und leider auch ein totes K\u00fcken unter dem Nest. Am 14.4. ist das Nest verlassen. Dazwischen konnte man ein Taubenk\u00fcken sehen. Ein wichtiger Unterschied zum Herbst: Diesmal konnten wir h\u00e4ufiger die T\u00fcrkentauben (auch paarweise) in der Umgebung sehen. Am 18.4. wird schon wieder gebr\u00fctet, und am 17.5. sind die beiden Jungen ausgeflogen. Und jetzt am 24.6. sind wieder zwei Junge ausgeflogen. Eine Sommerpause, und am 28.8. sind wieder 2 Junge ausgeflogen.<\/p>\n\n\n\n<p>Der Winter 22\/23 war wieder sehr ruhig, ab Februar 23 konnte ich ab und zu T\u00fcrkentauben sehen. Anfang M\u00e4rz 2023 war eine P\u00e4rchen am Nest sichtbar und ab dem 3.3.23 wurde gebr\u00fctet. 2 Junge sind am 4.4. ausgeflogen. Die letzten Tage vor dem &#8220;Ausflug&#8221; konnte man die Taubeneltern gut in der unmittelbaren Umgebung beobachten. Immer brav zusammen.<\/p>\n\n\n\n<p><\/p>\n","protected":false},"excerpt":{"rendered":"<p>Ende Juli fing eine P\u00e4rchen T\u00fcrkentauben an, sich f\u00fcr das Dach von unserem Starenkasten oben am Haus zu interessieren. Sie probierten dann einige Tage auf diesem kleinen Dach ein Nest zu bauen. Aber das meiste vom Baumaterial rutschte ab und lag dann auf dem Boden. Wir sahen das Projekt als gescheitert an. Nach unserem Kurzurlaub [&hellip;]<\/p>\n","protected":false},"author":1,"featured_media":0,"comment_status":"closed","ping_status":"open","sticky":false,"template":"","format":"standard","meta":[],"categories":[1,8,7],"tags":[],"_links":{"self":[{"href":"https:\/\/dressler-hassloch.de\/index.php?rest_route=\/wp\/v2\/posts\/2713"}],"collection":[{"href":"https:\/\/dressler-hassloch.de\/index.php?rest_route=\/wp\/v2\/posts"}],"about":[{"href":"https:\/\/dressler-hassloch.de\/index.php?rest_route=\/wp\/v2\/types\/post"}],"author":[{"embeddable":true,"href":"https:\/\/dressler-hassloch.de\/index.php?rest_route=\/wp\/v2\/users\/1"}],"replies":[{"embeddable":true,"href":"https:\/\/dressler-hassloch.de\/index.php?rest_route=%2Fwp%2Fv2%2Fcomments&post=2713"}],"version-history":[{"count":4,"href":"https:\/\/dressler-hassloch.de\/index.php?rest_route=\/wp\/v2\/posts\/2713\/revisions"}],"predecessor-version":[{"id":3088,"href":"https:\/\/dressler-hassloch.de\/index.php?rest_route=\/wp\/v2\/posts\/2713\/revisions\/3088"}],"wp:attachment":[{"href":"https:\/\/dressler-hassloch.de\/index.php?rest_route=%2Fwp%2Fv2%2Fmedia&parent=2713"}],"wp:term":[{"taxonomy":"category","embeddable":true,"href":"https:\/\/dressler-hassloch.de\/index.php?rest_route=%2Fwp%2Fv2%2Fcategories&post=2713"},{"taxonomy":"post_tag","embeddable":true,"href":"https:\/\/dressler-hassloch.de\/index.php?rest_route=%2Fwp%2Fv2%2Ftags&post=2713"}],"curies":[{"name":"wp","href":"https:\/\/api.w.org\/{rel}","templated":true}]}}