{"id":262,"date":"2013-04-17T13:51:47","date_gmt":"2013-04-17T12:51:47","guid":{"rendered":"http:\/\/dressler-hassloch.de\/?p=262"},"modified":"2014-07-29T07:49:50","modified_gmt":"2014-07-29T06:49:50","slug":"die-magnolie-bluht","status":"publish","type":"post","link":"https:\/\/dressler-hassloch.de\/?p=262","title":{"rendered":"Die Magnolie bl\u00fcht"},"content":{"rendered":"<p>Heute k\u00f6nnen wir stolz von der voll bl\u00fchenden Magnolie berichten. Alle Bl\u00fcten sind richtig offen. Es gab keinen Schaden durch den langen Winter. Allerdings haben wir eine Versp\u00e4tung von 3 Wochen auf 2012. Gestern und heute hatten wir Temperaturen\u00a0 von \u00fcber 25\u00b0.<\/p>\n<p>Stand heute:<br \/>\n<a href=\"http:\/\/dressler-hassloch.de\/wp-content\/uploads\/DSCN0917_W.jpg\"><img decoding=\"async\" loading=\"lazy\" class=\"alignnone size-medium wp-image-265\" alt=\"DSCN0917_W\" src=\"http:\/\/dressler-hassloch.de\/wp-content\/uploads\/DSCN0917_W-300x225.jpg\" width=\"300\" height=\"225\" srcset=\"https:\/\/dressler-hassloch.de\/wp-content\/uploads\/DSCN0917_W-300x225.jpg 300w, https:\/\/dressler-hassloch.de\/wp-content\/uploads\/DSCN0917_W-624x468.jpg 624w, https:\/\/dressler-hassloch.de\/wp-content\/uploads\/DSCN0917_W.jpg 640w\" sizes=\"(max-width: 300px) 100vw, 300px\" \/><\/a><\/p>\n<p>Stand gestern:<\/p>\n<p><a href=\"http:\/\/dressler-hassloch.de\/wp-content\/uploads\/DSCN0885_W.jpg\"><img decoding=\"async\" loading=\"lazy\" class=\"alignnone size-medium wp-image-264\" alt=\"DSCN0885_W\" src=\"http:\/\/dressler-hassloch.de\/wp-content\/uploads\/DSCN0885_W-300x225.jpg\" width=\"300\" height=\"225\" srcset=\"https:\/\/dressler-hassloch.de\/wp-content\/uploads\/DSCN0885_W-300x225.jpg 300w, https:\/\/dressler-hassloch.de\/wp-content\/uploads\/DSCN0885_W-624x468.jpg 624w, https:\/\/dressler-hassloch.de\/wp-content\/uploads\/DSCN0885_W.jpg 640w\" sizes=\"(max-width: 300px) 100vw, 300px\" \/><\/a><\/p>\n<p>Stand Sonntag (14.4.):<\/p>\n<p><a href=\"http:\/\/dressler-hassloch.de\/wp-content\/uploads\/DSCN0830_W.jpg\"><img decoding=\"async\" loading=\"lazy\" class=\"alignnone size-medium wp-image-267\" alt=\"DSCN0830_W\" src=\"http:\/\/dressler-hassloch.de\/wp-content\/uploads\/DSCN0830_W-300x225.jpg\" width=\"300\" height=\"225\" srcset=\"https:\/\/dressler-hassloch.de\/wp-content\/uploads\/DSCN0830_W-300x225.jpg 300w, https:\/\/dressler-hassloch.de\/wp-content\/uploads\/DSCN0830_W-624x468.jpg 624w, https:\/\/dressler-hassloch.de\/wp-content\/uploads\/DSCN0830_W.jpg 640w\" sizes=\"(max-width: 300px) 100vw, 300px\" \/><\/a><\/p>\n<p>Stand Donnerstag (11.4.)<\/p>\n<p><a href=\"http:\/\/dressler-hassloch.de\/wp-content\/uploads\/DSCN0704_W.jpg\"><img decoding=\"async\" loading=\"lazy\" class=\"alignnone size-medium wp-image-263\" alt=\"DSCN0704_W\" src=\"http:\/\/dressler-hassloch.de\/wp-content\/uploads\/DSCN0704_W-300x225.jpg\" width=\"300\" height=\"225\" srcset=\"https:\/\/dressler-hassloch.de\/wp-content\/uploads\/DSCN0704_W-300x225.jpg 300w, https:\/\/dressler-hassloch.de\/wp-content\/uploads\/DSCN0704_W-624x468.jpg 624w, https:\/\/dressler-hassloch.de\/wp-content\/uploads\/DSCN0704_W.jpg 640w\" sizes=\"(max-width: 300px) 100vw, 300px\" \/><\/a><\/p>\n<p>Unser Pfirsich im Hof bl\u00fcht seit Sonntag. Die S\u00fc\u00dfkirsche hat sich gestern zaghaft und heute voll ge\u00f6ffnet. Dort summt es auch kr\u00e4ftig. Allerdings sind die Honigbienen in der Minderzahl. An der Felsenbirne gehen heute die ersten Bl\u00fcten auf. Speierling, Birnen und Mirabellen sind noch zu und warten ungeduldig.<\/p>\n<p>Gestern und heute hatten wir Temperaturen\u00a0 von \u00fcber 25\u00b0. Es soll aber wieder k\u00fchler werden.<\/p>\n<p>&nbsp;<\/p>\n<p>&nbsp;<\/p>\n","protected":false},"excerpt":{"rendered":"<p>Heute k\u00f6nnen wir stolz von der voll bl\u00fchenden Magnolie berichten. Alle Bl\u00fcten sind richtig offen. Es gab keinen Schaden durch den langen Winter. Allerdings haben wir eine Versp\u00e4tung von 3 Wochen auf 2012. Gestern und heute hatten wir Temperaturen\u00a0 von \u00fcber 25\u00b0. Stand heute: Stand gestern: Stand Sonntag (14.4.): Stand Donnerstag (11.4.) Unser Pfirsich im [&hellip;]<\/p>\n","protected":false},"author":1,"featured_media":0,"comment_status":"open","ping_status":"open","sticky":false,"template":"","format":"standard","meta":[],"categories":[1,8],"tags":[],"_links":{"self":[{"href":"https:\/\/dressler-hassloch.de\/index.php?rest_route=\/wp\/v2\/posts\/262"}],"collection":[{"href":"https:\/\/dressler-hassloch.de\/index.php?rest_route=\/wp\/v2\/posts"}],"about":[{"href":"https:\/\/dressler-hassloch.de\/index.php?rest_route=\/wp\/v2\/types\/post"}],"author":[{"embeddable":true,"href":"https:\/\/dressler-hassloch.de\/index.php?rest_route=\/wp\/v2\/users\/1"}],"replies":[{"embeddable":true,"href":"https:\/\/dressler-hassloch.de\/index.php?rest_route=%2Fwp%2Fv2%2Fcomments&post=262"}],"version-history":[{"count":0,"href":"https:\/\/dressler-hassloch.de\/index.php?rest_route=\/wp\/v2\/posts\/262\/revisions"}],"wp:attachment":[{"href":"https:\/\/dressler-hassloch.de\/index.php?rest_route=%2Fwp%2Fv2%2Fmedia&parent=262"}],"wp:term":[{"taxonomy":"category","embeddable":true,"href":"https:\/\/dressler-hassloch.de\/index.php?rest_route=%2Fwp%2Fv2%2Fcategories&post=262"},{"taxonomy":"post_tag","embeddable":true,"href":"https:\/\/dressler-hassloch.de\/index.php?rest_route=%2Fwp%2Fv2%2Ftags&post=262"}],"curies":[{"name":"wp","href":"https:\/\/api.w.org\/{rel}","templated":true}]}}