{"id":1895,"date":"2018-09-20T16:10:36","date_gmt":"2018-09-20T15:10:36","guid":{"rendered":"http:\/\/dressler-hassloch.de\/?p=1895"},"modified":"2019-11-13T12:26:16","modified_gmt":"2019-11-13T11:26:16","slug":"nachtraeglicher-reisebericht-aus-udine","status":"publish","type":"post","link":"https:\/\/dressler-hassloch.de\/?p=1895","title":{"rendered":"Nachtr\u00e4glicher Reisebericht aus Udine"},"content":{"rendered":"<p>Udine, den 8.7.2018<\/p>\n<p>Liebe Familie,<\/p>\n<p>heute m\u00f6chte ich euch ein Lebenszeichen aus unserem Urlaub senden. Wie ihr wisst, sind wir per Bus und Rad auf dem Weg von K\u00e4rnten zum Mittelmeer, gerade befinden wir uns in Udine. Aber der Reihe nach\u2026<\/p>\n<p>Gestartet sind wir donnerstags in der Fr\u00fch in Germersheim, wir im Bus, unsere Fahrr\u00e4der im gro\u00dfen Anh\u00e4nger. Und dann ging es \u00fcber viele Stunden bis nach Villach in K\u00e4rnten. Aber acht Stunden im Bus machen uns mittlerweile nichts mehr aus, wir haben uns recht gut mit dieser Form des Reisens arrangiert und angefreundet. Der Bus war auch angenehm leer, wir waren 26 Mitreisende. Mehr R\u00e4der passen nicht in den Anh\u00e4nger.<\/p>\n<p>Am n\u00e4chsten Morgen wurde es dann ernst. Nach einem ausgiebigen Fr\u00fchst\u00fcck brachte uns der Bus zu unserem Startpunkt Tavisio, wo wir unsere R\u00e4der ausluden und dann den Radweg, eine alte Bahntrasse, in Richtung Gemona radelten. Nach einem kleinen Anstieg bis Camporosso ging es dann immer gem\u00e4chlich bergab. Die alten Eisenbahnbr\u00fccken (z. Bsp. \u00fcber die Fella) und -tunnel wurden nat\u00fcrlich auch mitbenutzt. Hier hatten wir auch den einzigen Regenschauer, den wir aber teilweise in einem Caf\u00e9 aussitzen konnten. Insgesamt waren das 70 Kilometer auf dem Rad, aber das Gef\u00e4lle war auch ordentlich.<\/p>\n<p>Wir, unsere 24 Mitradler und unser Radreisef\u00fchrer fanden den Tag trotz des Regens toll, wir waren voll begeistert. So hatten wir uns die Reise vorgestellt.<\/p>\n<p>Erinnert wurden wir in Gemona an das schwere Erdbeben &#8220;Friaul 1976&#8221;, dessen Epizentrum hier in der Gegend lag. Zur Erinnerung hat man einige markante Sch\u00e4den belassen und nur abgesichert. Mit &#8220;Friaul&#8221; habt ihr auch den Begriff f\u00fcr den Teil Italiens, den wir im Moment per Rad erkunden. Die Region reicht von K\u00e4rnten bis zur Adria. Unser Radweg tr\u00e4gt offiziell den Namen &#8220;Alpe-Adria&#8221; und beginnt f\u00fcr ganz sportliche Fahrer schon in Salzburg.<\/p>\n<p>Der zweite Tag war ein Rundkurs, also nicht mit einem dauernden Gef\u00e4lle. Und unterwegs gab es auch einen &#8220;Berg&#8221; (Originalton Radf\u00fchrer), 150 Meter Anstieg auf knapp 2 Kilometer L\u00e4nge. \u00a0Da kommt man ohne Motor durchaus ins Schwitzen. Aber die motorisierten Mitradler warteten brav am Scheitelpunkt auf uns. Dann war da noch die &#8220;Welle&#8221;, vielleicht 40 Meter hoch und dann gleich wieder abw\u00e4rts. Beide Wegformationen sind uns ja in der Vorderpfalz unbekannt.<\/p>\n<p>Unser Ziel war Tolmezzo am Fluss Tagliamento. Auf dem Dom fand sich dann auch ein Engel als Wetterfahne, f\u00fcr Friaul eine typische Erscheinung. (Der Wetterhahn auf der Christuskirche in Ha\u00dfloch ist aber auch OK) Der Fluss \u00fcbrigens ist im Sommer eine gro\u00dfe Sandbank und das Wasser muss man suchen.<\/p>\n<p>Die dritte Radetappe f\u00fchrte uns dann langsam in die Ebene. Es ging von Gemona nach Udine. Und Udine ist eben eine Gro\u00dfstadt mit allen Vor- und Nachteilen.<\/p>\n<p>Hier die offizielle Etappenbeschreibung vom Veranstalter: &#8220;Gemona verlassend setzen Sie heute ihre Radtour nach S\u00fcden fort mit den letzten Ausl\u00e4ufern der Julischen Alpen im Hintergrund. Auf gut ausgebauten Radwegen passieren Sie ausgedehnte Rebfl\u00e4chen und idyllische Orte. Am Nachmittag erreichen Sie Udine die Hauptstadt des Friaul\u2026\u2026&#8221;<\/p>\n<p>Morgen wollen wir bis Grado und ich will zum ersten Mal in meinem Leben die Adria sehen. Irgendwie ist mir das Land s\u00fcdlich der Alpen nicht so richtig bekannt. Die Alpen waren f\u00fcr mich lange Zeit eine nat\u00fcrliche Grenze. Geplant ist auch noch eine Etappe von Grado nach Monfalcone und dann als sch\u00f6ner Abschluss die Abfahrt von Camporosso nach Villach. Diese Strecke radelt sich in diese Richtung deutlich leichter. Richtige Profis keuchen von Villach hoch nach Taviso, wir machen das eben lieber anders herum.<\/p>\n<p>Auf die Fahrt habe ich mich mit den Krimis von Andrea Nagele vorbereitet, die in Grado und in K\u00e4rnten spielen. Zu Tolmezzo passt eher die &#8220;Karnische Hochzeit&#8221; von Reinhard M. Czar.<\/p>\n<p>Meine Touren zeichne ich mit &#8220;komoot&#8221; auf und stelle sie dann ins Internet. Dort k\u00f6nnt ihr euch die Etappen genau ansehen.<\/p>\n<p>In einigen Tagen werden wir uns ja wiedersehen. Bis dahin alles Gute.<\/p>\n<p>Viele Gr\u00fc\u00dfe aus Italien<\/p>\n<p>Herbert<\/p>\n<p>PS: Ich werde aber auch weiterhin gerne mit Freunden in der Vorderpfalz radeln.<\/p>\n<p>Link zur Komoot-Dokumentation: <a href=\"http:\/\/dressler-hassloch.de\/?p=1859\">http:\/\/dressler-hassloch.de\/?p=1859<\/a><\/p>\n<p>&#8230;.. Ab hier Word-Schulung &#8230;..<\/p>\n<p>Und hier die Materialien zum Umgestalten und Ausgestalten:<\/p>\n<p><a href=\"http:\/\/dressler-hassloch.de\/wp-content\/uploads\/DSCN1254_W.jpg\"><img decoding=\"async\" loading=\"lazy\" class=\"alignnone size-thumbnail wp-image-1898\" src=\"http:\/\/dressler-hassloch.de\/wp-content\/uploads\/DSCN1254_W-150x150.jpg\" alt=\"\" width=\"150\" height=\"150\" srcset=\"https:\/\/dressler-hassloch.de\/wp-content\/uploads\/DSCN1254_W-150x150.jpg 150w, https:\/\/dressler-hassloch.de\/wp-content\/uploads\/DSCN1254_W-50x50.jpg 50w\" sizes=\"(max-width: 150px) 100vw, 150px\" \/><\/a><a href=\"http:\/\/dressler-hassloch.de\/wp-content\/uploads\/DSCN1264_W.jpg\">\u00a0 <img decoding=\"async\" loading=\"lazy\" class=\"alignnone size-thumbnail wp-image-1899\" src=\"http:\/\/dressler-hassloch.de\/wp-content\/uploads\/DSCN1264_W-150x150.jpg\" alt=\"\" width=\"150\" height=\"150\" srcset=\"https:\/\/dressler-hassloch.de\/wp-content\/uploads\/DSCN1264_W-150x150.jpg 150w, https:\/\/dressler-hassloch.de\/wp-content\/uploads\/DSCN1264_W-50x50.jpg 50w\" sizes=\"(max-width: 150px) 100vw, 150px\" \/><\/a><a href=\"http:\/\/dressler-hassloch.de\/wp-content\/uploads\/DSCN1276_W.jpg\">\u00a0 <img decoding=\"async\" loading=\"lazy\" class=\"alignnone size-thumbnail wp-image-1900\" src=\"http:\/\/dressler-hassloch.de\/wp-content\/uploads\/DSCN1276_W-150x150.jpg\" alt=\"\" width=\"150\" height=\"150\" srcset=\"https:\/\/dressler-hassloch.de\/wp-content\/uploads\/DSCN1276_W-150x150.jpg 150w, https:\/\/dressler-hassloch.de\/wp-content\/uploads\/DSCN1276_W-50x50.jpg 50w\" sizes=\"(max-width: 150px) 100vw, 150px\" \/><\/a><\/p>\n<p>So k\u00f6nnte dann der fertige &#8220;pers\u00f6nliche Brief&#8221; aussehen:<\/p>\n<p><a href=\"http:\/\/dressler-hassloch.de\/wp-content\/uploads\/Urlaubsbericht_Udine.pdf\">Urlaubsbericht_Udine als PDF<\/a><\/p>\n<p><a href=\"http:\/\/dressler-hassloch.de\/wp-content\/uploads\/Urlaubsbericht_Udine.docx\">Urlaubsbericht_Udine als DOCX<\/a><\/p>\n\n\n<p><\/p>\n","protected":false},"excerpt":{"rendered":"<p>Udine, den 8.7.2018 Liebe Familie, heute m\u00f6chte ich euch ein Lebenszeichen aus unserem Urlaub senden. Wie ihr wisst, sind wir per Bus und Rad auf dem Weg von K\u00e4rnten zum Mittelmeer, gerade befinden wir uns in Udine. Aber der Reihe nach\u2026 Gestartet sind wir donnerstags in der Fr\u00fch in Germersheim, wir im Bus, unsere Fahrr\u00e4der [&hellip;]<\/p>\n","protected":false},"author":1,"featured_media":0,"comment_status":"closed","ping_status":"open","sticky":false,"template":"","format":"standard","meta":[],"categories":[1],"tags":[],"_links":{"self":[{"href":"https:\/\/dressler-hassloch.de\/index.php?rest_route=\/wp\/v2\/posts\/1895"}],"collection":[{"href":"https:\/\/dressler-hassloch.de\/index.php?rest_route=\/wp\/v2\/posts"}],"about":[{"href":"https:\/\/dressler-hassloch.de\/index.php?rest_route=\/wp\/v2\/types\/post"}],"author":[{"embeddable":true,"href":"https:\/\/dressler-hassloch.de\/index.php?rest_route=\/wp\/v2\/users\/1"}],"replies":[{"embeddable":true,"href":"https:\/\/dressler-hassloch.de\/index.php?rest_route=%2Fwp%2Fv2%2Fcomments&post=1895"}],"version-history":[{"count":5,"href":"https:\/\/dressler-hassloch.de\/index.php?rest_route=\/wp\/v2\/posts\/1895\/revisions"}],"predecessor-version":[{"id":2311,"href":"https:\/\/dressler-hassloch.de\/index.php?rest_route=\/wp\/v2\/posts\/1895\/revisions\/2311"}],"wp:attachment":[{"href":"https:\/\/dressler-hassloch.de\/index.php?rest_route=%2Fwp%2Fv2%2Fmedia&parent=1895"}],"wp:term":[{"taxonomy":"category","embeddable":true,"href":"https:\/\/dressler-hassloch.de\/index.php?rest_route=%2Fwp%2Fv2%2Fcategories&post=1895"},{"taxonomy":"post_tag","embeddable":true,"href":"https:\/\/dressler-hassloch.de\/index.php?rest_route=%2Fwp%2Fv2%2Ftags&post=1895"}],"curies":[{"name":"wp","href":"https:\/\/api.w.org\/{rel}","templated":true}]}}