{"id":1859,"date":"2018-07-14T13:11:41","date_gmt":"2018-07-14T12:11:41","guid":{"rendered":"http:\/\/dressler-hassloch.de\/?p=1859"},"modified":"2023-08-21T16:36:13","modified_gmt":"2023-08-21T15:36:13","slug":"radtour-villach-oesterreich-grado-italien","status":"publish","type":"post","link":"https:\/\/dressler-hassloch.de\/?p=1859","title":{"rendered":"Radtour Villach (\u00d6sterreich) &#8211; Grado (Italien) 2018"},"content":{"rendered":"<p>Diese Jahr machten wir mit der Firma Pfadt aus Germersheim wieder mal eine Radtour, diesmal von Villach nach Grado (Alpen &#8211; Adria). (5. &#8211; 12. Juli)<\/p>\n<p>Wie bei Pfadt \u00fcblich, war das eine Busreise mit eigenen Fahrr\u00e4dern, transportiert im Anh\u00e4nger, und vor Ort dann mit einem ortskundigen Rad-Reiseleiter. Nach einer Zwischen\u00fcbernachtung in Villach brachte uns der Bus zum ersten Startplatz der Radtour, nach Tavisio in Italien.<\/p>\n<p><iframe loading=\"lazy\" src=\"https:\/\/www.komoot.de\/tour\/37697299\/embed?profile=1\" width=\"640\" height=\"580\" frameborder=\"0\" scrolling=\"no\"><\/iframe><\/p>\n<p>Die Besonderheit dieser Etappe: Nach einem kleinen Anstieg und der &#8220;Alpe-Adria-Z\u00e4hlung&#8221; in Camporosso fuhren wir auf einer zum Radweg umgebauten alten Eisenbahnstrecke und durften viele Radkilometer mit angenehmen Gef\u00e4lle, oft durch alte Tunnels, genie\u00dfen. Das Ende der Tagestour war das Gebiet Venzone\/Gemona, Zentrum des schweren Erdbebens\u00a0 in Friaul im Jahr 1976.<\/p>\n<p><iframe loading=\"lazy\" src=\"https:\/\/www.komoot.de\/tour\/37820428\/embed?profile=1\" width=\"640\" height=\"580\" frameborder=\"0\" scrolling=\"no\"><\/iframe><\/p>\n<p>Die zweite Etappe (eine Rundtour) hatte einen recht ordentlichen Anstieg (&#8220;Der Berg&#8221;) in der Mitte, der die Nicht-E-Biker ordentlich forderte, aber diese H\u00f6he durften wir ja danach wieder herunterradeln. Zus\u00e4tzlich kamen dann noch einige &#8220;Wellen&#8221; auf einem Waldweg, sch\u00f6n, aber doch etwas fordernd.<\/p>\n<p><iframe loading=\"lazy\" src=\"https:\/\/www.komoot.de\/tour\/37968673\/embed?profile=1\" width=\"640\" height=\"580\" frameborder=\"0\" scrolling=\"no\"><\/iframe><\/p>\n<p>Die dritte Etappe ging durch die letzten H\u00fcgel (&#8220;wellig&#8221;) und hatte auch einige Schotterstrecken aufzuweisen. Udine wurde auf gem\u00fctlichen Wegen erreicht und die Stadtf\u00fchrung endete f\u00fcr viele mit einem Aperitif auf der zentralen Piazza.<\/p>\n<p><iframe loading=\"lazy\" src=\"https:\/\/www.komoot.de\/tour\/38122530\/embed?profile=1\" width=\"640\" height=\"580\" frameborder=\"0\" scrolling=\"no\"><\/iframe><\/p>\n<p>Die vierte Etappe hatte ein klares Ziel, den Badeort Grado an der Adria. Dazwischen sahen wir die sternf\u00f6rmige Festungsstadt Palmanova, wo man noch die T\u00fcrme und die W\u00e4lle besichtigen konnte. In der heute kleinen Stadt Aquileia finden sich viele r\u00f6mische Ausgrabungen (Aquileia war urspr\u00fcnglich sehr bedeutend) und in der N\u00e4he die beeindruckende Basilika mit ihrem sehr ber\u00fchmten Mosaikfu\u00dfb\u00f6den. Und dann erlebten wir nat\u00fcrlich die Fahrt \u00fcber den Damm nach Grado.<\/p>\n<p><iframe loading=\"lazy\" src=\"https:\/\/www.komoot.de\/tour\/38191077\/embed?profile=1\" width=\"640\" height=\"580\" frameborder=\"0\" scrolling=\"no\"><\/iframe><\/p>\n<p>Der f\u00fcnfte Tag hielt f\u00fcr uns eine sanfte Tour an der Adria entlang bereit, mit einem sch\u00f6nen Picknick am Etappenende. Dazwischen gab es viel Landschaft und ein gro\u00dfes Vogelschutzgebiet, sogar mit Flamingos.<\/p>\n<p>Nachmittags blieb auch Zeit f\u00fcr eine Bummel in Grado oder ein Bad in der Adria.<\/p>\n<p><iframe loading=\"lazy\" src=\"https:\/\/www.komoot.de\/tour\/38299144\/embed?profile=1\" width=\"640\" height=\"580\" frameborder=\"0\" scrolling=\"no\"><\/iframe><\/p>\n<p>Am letzten Radeltag brachte uns dann der Bus wieder in die Alpen nach Camporosso und wir radelten hinunter zur Gail und dann nach Villach. Durch diesen Trick befuhren wir die komplette Strecke &#8220;von den Alpen zur Adria&#8221;, allerdings in zwei unterschiedlichen Richtungen. Auf dieser letzten Etappe begegneten uns viele Radfahrer, die die m\u00fchsame, aber zum Meer hin richtige Richtung &#8220;bergauf&#8221; fuhren.<\/p>\n<p>Nach einer Zwischen\u00fcbernachtung in Spittal brachte uns dann der Bus wieder Richtung Heimat.<\/p>\n<p>Es waren erholsame 330 Km auf dem Rad mit 1100 uns von unserem Bus geschenkten H\u00f6henmetern.<\/p>\n<p><a href=\"http:\/\/dressler-hassloch.de\/?p=1895\">Es gibt die Reisebeschreibung auch als Bericht.<\/a><\/p>\n","protected":false},"excerpt":{"rendered":"<p>Diese Jahr machten wir mit der Firma Pfadt aus Germersheim wieder mal eine Radtour, diesmal von Villach nach Grado (Alpen &#8211; Adria). (5. &#8211; 12. Juli) Wie bei Pfadt \u00fcblich, war das eine Busreise mit eigenen Fahrr\u00e4dern, transportiert im Anh\u00e4nger, und vor Ort dann mit einem ortskundigen Rad-Reiseleiter. Nach einer Zwischen\u00fcbernachtung in Villach brachte uns [&hellip;]<\/p>\n","protected":false},"author":1,"featured_media":0,"comment_status":"closed","ping_status":"open","sticky":false,"template":"","format":"standard","meta":[],"categories":[1,19],"tags":[],"_links":{"self":[{"href":"https:\/\/dressler-hassloch.de\/index.php?rest_route=\/wp\/v2\/posts\/1859"}],"collection":[{"href":"https:\/\/dressler-hassloch.de\/index.php?rest_route=\/wp\/v2\/posts"}],"about":[{"href":"https:\/\/dressler-hassloch.de\/index.php?rest_route=\/wp\/v2\/types\/post"}],"author":[{"embeddable":true,"href":"https:\/\/dressler-hassloch.de\/index.php?rest_route=\/wp\/v2\/users\/1"}],"replies":[{"embeddable":true,"href":"https:\/\/dressler-hassloch.de\/index.php?rest_route=%2Fwp%2Fv2%2Fcomments&post=1859"}],"version-history":[{"count":4,"href":"https:\/\/dressler-hassloch.de\/index.php?rest_route=\/wp\/v2\/posts\/1859\/revisions"}],"predecessor-version":[{"id":3122,"href":"https:\/\/dressler-hassloch.de\/index.php?rest_route=\/wp\/v2\/posts\/1859\/revisions\/3122"}],"wp:attachment":[{"href":"https:\/\/dressler-hassloch.de\/index.php?rest_route=%2Fwp%2Fv2%2Fmedia&parent=1859"}],"wp:term":[{"taxonomy":"category","embeddable":true,"href":"https:\/\/dressler-hassloch.de\/index.php?rest_route=%2Fwp%2Fv2%2Fcategories&post=1859"},{"taxonomy":"post_tag","embeddable":true,"href":"https:\/\/dressler-hassloch.de\/index.php?rest_route=%2Fwp%2Fv2%2Ftags&post=1859"}],"curies":[{"name":"wp","href":"https:\/\/api.w.org\/{rel}","templated":true}]}}