{"id":182,"date":"2013-03-04T21:19:41","date_gmt":"2013-03-04T20:19:41","guid":{"rendered":"http:\/\/dressler-hassloch.de\/?p=182"},"modified":"2014-07-29T07:49:51","modified_gmt":"2014-07-29T06:49:51","slug":"der-fruhling-hat-begonnen","status":"publish","type":"post","link":"https:\/\/dressler-hassloch.de\/?p=182","title":{"rendered":"Der Fr\u00fchling hat begonnen"},"content":{"rendered":"<p>Seit dem 2. M\u00e4rz hat sich das Wetter grundlegend ver\u00e4ndert. Vorher hatten wir einen tr\u00fcben Februar mit Temperaturen um Null Grad, jetzt haben wir sonniges Wetter, Nachtfr\u00f6ste, aber tags\u00fcber auch \u00fcber 10 Grad.<\/p>\n<p>Da lockt es die Pf\u00e4lzer (und uns) in den Garten, in die Natur und aufs Fahrrad.<\/p>\n<p>Wir werden die n\u00e4chsten Tage entsprechend ausnutzen, um uns und unseren Garten in eine entsprechende Form zu bringen. Dann kann der volle Fr\u00fchling kommen.<\/p>\n<p>(Der ruhige Winter im gem\u00fctlichen Haus war aber auch nicht schlecht &#8230;.)<\/p>\n","protected":false},"excerpt":{"rendered":"<p>Seit dem 2. M\u00e4rz hat sich das Wetter grundlegend ver\u00e4ndert. Vorher hatten wir einen tr\u00fcben Februar mit Temperaturen um Null Grad, jetzt haben wir sonniges Wetter, Nachtfr\u00f6ste, aber tags\u00fcber auch \u00fcber 10 Grad. Da lockt es die Pf\u00e4lzer (und uns) in den Garten, in die Natur und aufs Fahrrad. Wir werden die n\u00e4chsten Tage entsprechend [&hellip;]<\/p>\n","protected":false},"author":1,"featured_media":0,"comment_status":"open","ping_status":"open","sticky":false,"template":"","format":"standard","meta":[],"categories":[1,8,7,4],"tags":[],"_links":{"self":[{"href":"https:\/\/dressler-hassloch.de\/index.php?rest_route=\/wp\/v2\/posts\/182"}],"collection":[{"href":"https:\/\/dressler-hassloch.de\/index.php?rest_route=\/wp\/v2\/posts"}],"about":[{"href":"https:\/\/dressler-hassloch.de\/index.php?rest_route=\/wp\/v2\/types\/post"}],"author":[{"embeddable":true,"href":"https:\/\/dressler-hassloch.de\/index.php?rest_route=\/wp\/v2\/users\/1"}],"replies":[{"embeddable":true,"href":"https:\/\/dressler-hassloch.de\/index.php?rest_route=%2Fwp%2Fv2%2Fcomments&post=182"}],"version-history":[{"count":0,"href":"https:\/\/dressler-hassloch.de\/index.php?rest_route=\/wp\/v2\/posts\/182\/revisions"}],"wp:attachment":[{"href":"https:\/\/dressler-hassloch.de\/index.php?rest_route=%2Fwp%2Fv2%2Fmedia&parent=182"}],"wp:term":[{"taxonomy":"category","embeddable":true,"href":"https:\/\/dressler-hassloch.de\/index.php?rest_route=%2Fwp%2Fv2%2Fcategories&post=182"},{"taxonomy":"post_tag","embeddable":true,"href":"https:\/\/dressler-hassloch.de\/index.php?rest_route=%2Fwp%2Fv2%2Ftags&post=182"}],"curies":[{"name":"wp","href":"https:\/\/api.w.org\/{rel}","templated":true}]}}