{"id":1760,"date":"2018-01-13T13:13:21","date_gmt":"2018-01-13T12:13:21","guid":{"rendered":"http:\/\/dressler-hassloch.de\/?p=1760"},"modified":"2018-01-22T21:25:37","modified_gmt":"2018-01-22T20:25:37","slug":"sprachverstaendlichkeit-im-fernsehen","status":"publish","type":"post","link":"https:\/\/dressler-hassloch.de\/?p=1760","title":{"rendered":"Sprachverst\u00e4ndlichkeit im Fernsehen"},"content":{"rendered":"<p>Der Tatort \u201eDunkle Zeit\u201c (17.12.2017) war nicht nur dunkel, sondern f\u00fcr mich auch in gro\u00dfen Teilen unverst\u00e4ndlich. Ich konnte einfach die Stimmen nicht richtig h\u00f6ren. Auch das st\u00e4ndige Nachjustieren der Lautst\u00e4rke und das Drehen an meinen H\u00f6rger\u00e4ten brachte keine Besserung.<\/p>\n<p>Ein kleines Beschwerdeschreiben an die ARD f\u00fchrte zun\u00e4chst zur Standardantwort \u201eDie Ohren werden im Alter nicht besser\u201c (Was ja stimmt.) und \u201eEs gibt ja auch Untertitel\u201c. Beide Antworten waren f\u00fcr mich nicht zufriedenstellend.<\/p>\n<p>Eine zweite Email an den NDR f\u00fchrte mich dann zu einem kompetenten Mitarbeiter, der mir zun\u00e4chst best\u00e4tigte, auch er habe diesen Tatort nicht immer verstehen k\u00f6nnen. Er gab mir sinnvolle Tipps und legte seiner Email auch die Brosch\u00fcre \u201e<a href=\"http:\/\/dressler-hassloch.de\/wp-content\/uploads\/Empfehlung_Sprachverstaendlichkeit_ARD-ZDF-2014.pdf\" target=\"_blank\" rel=\"noopener\">Sprachverst\u00e4ndlichkeit im Fernsehen<\/a>\u201c von ARD\/ZDF bei. Vielen Dank! Vielen Dank auch an den SWR\/ARD f\u00fcr die Genehmigung zur Ver\u00f6ffentlichung!<\/p>\n<p>Darin fand ich dann die problematischen Punkte sch\u00f6n aufgelistet wieder. Bekannt ist das Problem also &#8230;<\/p>\n<p>1. Die Ohren werden im Alter nicht besser. (H\u00f6rger\u00e4te habe ich ja schon)<\/p>\n<p>2. Regie und Dramaturgie wollen spannende Krimis mit viel Tonkulisse. Die Sender k\u00f6nnten wohl etwas mehr auf die Tonqualit\u00e4t der Filme achten, aber es sollen ja spannende Krimis bleiben. Hier wird man also kurzfristig keine Verbesserung erwarten k\u00f6nnen. Irgendwann werden aber auch die Regisseure und Tonmischer \u00e4lter und verstehen dann hoffentlich mein (und nicht nur mein) aktuelles Problem. An den sprachbetonten \u201eCenter Channel\u201c von Dolby 5.1. (oder besser) kommt man ohne gr\u00f6\u00dfere technische Aufr\u00fcstung nicht ran.<\/p>\n<p>3. Die Lautsprecher der modernen flachen Fernseher werden nicht klanglich besser, eher optisch d\u00fcnner und flacher\u2026<\/p>\n<p>Also bleibt einem eigentlich nur eine bessere Lautsprecheranlage. Eine gro\u00dfe Stereoanlage habe ich nicht, also musste etwas Neues her. Kopfh\u00f6rer waren f\u00fcr mich wegen meiner H\u00f6rger\u00e4ten eher ungeeignet, ich will mich ja nicht von meiner Familie abschotten. Kostenbewusst wie ich bin, klammerte ich Ger\u00e4te oberhalb 500 Euro aus und landete dann bei der Produktgruppe \u201eSoundbar\u201c. Da ich mir von einem Probeh\u00f6ren bei einem H\u00e4ndler nicht viel versprach, die meist jungen Verk\u00e4ufer verstanden mein Problem nicht, bestellte ich mir eine \u201eYamaha YAS-105\u201c f\u00fcr 219 \u20ac im Internet. Das Paket kam, die Inbetriebnahme war problemlos und meine Frau und ich waren schon von den ersten Klangproben \u00fcberzeugt. Etwas Kritik an Yamaha: Die Statusl\u00e4mpchen und noch mehr die Art ihrer Verwendung ist nicht mehr ganz zeitgem\u00e4\u00df.<\/p>\n<p>Die Soundbar bleibt bei uns. Die Integration zu unserer vorhandenen Fernbedienung ist zufriedenstellend. Der n\u00e4chste Krimiabend ist gerettet. Die Soundbar macht aber auch bei anderen Sendungen das H\u00f6ren angenehmer. Die T\u00f6ne sind voller und satter und schmerzen auch bei h\u00f6herer Lautst\u00e4rke nicht in den Ohren. Man kann also auf das st\u00e4ndige \u201eNachregeln\u201c verzichten.<\/p>\n<p>Eine ganz wichtige Erkenntnis: Man \u201everlernt\u201c H\u00f6ren. Man braucht private Referenzquellen f\u00fcr Verst\u00e4ndlichkeit (bei uns die Tagesschau) und Referenzpartner (Frau und Kinder). Dann sollte man negative Ver\u00e4nderungen im eigenen H\u00f6rverm\u00f6gen bemerken und Gegenma\u00dfnahmen ergreifen k\u00f6nnen.<\/p>\n","protected":false},"excerpt":{"rendered":"<p>Der Tatort \u201eDunkle Zeit\u201c (17.12.2017) war nicht nur dunkel, sondern f\u00fcr mich auch in gro\u00dfen Teilen unverst\u00e4ndlich. Ich konnte einfach die Stimmen nicht richtig h\u00f6ren. Auch das st\u00e4ndige Nachjustieren der Lautst\u00e4rke und das Drehen an meinen H\u00f6rger\u00e4ten brachte keine Besserung. Ein kleines Beschwerdeschreiben an die ARD f\u00fchrte zun\u00e4chst zur Standardantwort \u201eDie Ohren werden im Alter [&hellip;]<\/p>\n","protected":false},"author":1,"featured_media":0,"comment_status":"closed","ping_status":"open","sticky":false,"template":"","format":"standard","meta":[],"categories":[1],"tags":[],"_links":{"self":[{"href":"https:\/\/dressler-hassloch.de\/index.php?rest_route=\/wp\/v2\/posts\/1760"}],"collection":[{"href":"https:\/\/dressler-hassloch.de\/index.php?rest_route=\/wp\/v2\/posts"}],"about":[{"href":"https:\/\/dressler-hassloch.de\/index.php?rest_route=\/wp\/v2\/types\/post"}],"author":[{"embeddable":true,"href":"https:\/\/dressler-hassloch.de\/index.php?rest_route=\/wp\/v2\/users\/1"}],"replies":[{"embeddable":true,"href":"https:\/\/dressler-hassloch.de\/index.php?rest_route=%2Fwp%2Fv2%2Fcomments&post=1760"}],"version-history":[{"count":3,"href":"https:\/\/dressler-hassloch.de\/index.php?rest_route=\/wp\/v2\/posts\/1760\/revisions"}],"predecessor-version":[{"id":1766,"href":"https:\/\/dressler-hassloch.de\/index.php?rest_route=\/wp\/v2\/posts\/1760\/revisions\/1766"}],"wp:attachment":[{"href":"https:\/\/dressler-hassloch.de\/index.php?rest_route=%2Fwp%2Fv2%2Fmedia&parent=1760"}],"wp:term":[{"taxonomy":"category","embeddable":true,"href":"https:\/\/dressler-hassloch.de\/index.php?rest_route=%2Fwp%2Fv2%2Fcategories&post=1760"},{"taxonomy":"post_tag","embeddable":true,"href":"https:\/\/dressler-hassloch.de\/index.php?rest_route=%2Fwp%2Fv2%2Ftags&post=1760"}],"curies":[{"name":"wp","href":"https:\/\/api.w.org\/{rel}","templated":true}]}}