{"id":1263,"date":"2016-07-11T15:53:11","date_gmt":"2016-07-11T14:53:11","guid":{"rendered":"http:\/\/dressler-hassloch.de\/?p=1263"},"modified":"2023-08-21T16:32:30","modified_gmt":"2023-08-21T15:32:30","slug":"radtour-in-flandern","status":"publish","type":"post","link":"https:\/\/dressler-hassloch.de\/?p=1263","title":{"rendered":"Radtour in Flandern 2016"},"content":{"rendered":"<p>Auch dieses Jahr g\u00f6nnten wir uns eine gef\u00fchrte Bus-Radtour mit <a href=\"http:\/\/www.pfadt-reisen.de\/\" target=\"_blank\" rel=\"noopener\">Pfadt-Reisen<\/a> in Germersheim. Wir waren 24 Radler, die eigenen R\u00e4der kamen in den Anh\u00e4nger und es ging nach Flandern. (2. &#8211; 7. Juli)<\/p>\n<p>Die erste Station war Gent, wo wir am sp\u00e4teren Nachmittag mit unserem lokalen Radf\u00fchrer eine Stadtf\u00fchrung hatten. So bekamen wir einen ersten Eindruck von der Stadt und auch von Diederik, der uns mit flotten Schritten f\u00fchrte.<\/p>\n<p>Von Gent aus unternahmen wir dann zwei Tages-Radtouren:<\/p>\n<p>Die <a href=\"https:\/\/www.komoot.de\/tour\/10184139\" target=\"_blank\" rel=\"noopener\">erste Tour<\/a> ging in westliche Richtung von Gent zum Schloss Ooidonk und auf einer anderen Route zur\u00fcck. Wir fuhren auf verschlungenen Wegen an H\u00e4usern im Gr\u00fcnen vorbei zu dem Wasserschloss Ooidonk, das wir uns in einer F\u00fchrung ansehen konnten. Dazwischen gab es auch eine F\u00e4hre mit Selbstbedienung, man hat an beiden Landpunkten und auf der F\u00e4hre selbst eine kr\u00e4ftige Kurbel, um die F\u00e4hre am Seil hin und her zu bewegen. Bei dieser Tour hatten wir auch unseren einzigen richtigen Regenschauer bei Gegenwind zu verkraften, aber eine Stunde sp\u00e4ter war die Kleidung wieder trocken.<\/p>\n<p><a href=\"http:\/\/dressler-hassloch.de\/wp-content\/uploads\/DSCN0096_AW.jpg\"><img decoding=\"async\" loading=\"lazy\" class=\"alignnone wp-image-1267 size-medium\" src=\"http:\/\/dressler-hassloch.de\/wp-content\/uploads\/DSCN0096_AW-300x200.jpg\" alt=\"DSCN0096_AW\" width=\"300\" height=\"200\" srcset=\"https:\/\/dressler-hassloch.de\/wp-content\/uploads\/DSCN0096_AW-300x200.jpg 300w, https:\/\/dressler-hassloch.de\/wp-content\/uploads\/DSCN0096_AW-768x512.jpg 768w, https:\/\/dressler-hassloch.de\/wp-content\/uploads\/DSCN0096_AW-1024x683.jpg 1024w, https:\/\/dressler-hassloch.de\/wp-content\/uploads\/DSCN0096_AW-624x416.jpg 624w, https:\/\/dressler-hassloch.de\/wp-content\/uploads\/DSCN0096_AW.jpg 1200w\" sizes=\"(max-width: 300px) 100vw, 300px\" \/><\/a> <a href=\"http:\/\/dressler-hassloch.de\/wp-content\/uploads\/DSCN0112_WW.jpg\"><img decoding=\"async\" loading=\"lazy\" class=\"alignnone size-medium wp-image-1269\" src=\"http:\/\/dressler-hassloch.de\/wp-content\/uploads\/DSCN0112_WW-300x200.jpg\" alt=\"DSCN0112_WW\" width=\"300\" height=\"200\" srcset=\"https:\/\/dressler-hassloch.de\/wp-content\/uploads\/DSCN0112_WW-300x200.jpg 300w, https:\/\/dressler-hassloch.de\/wp-content\/uploads\/DSCN0112_WW-768x512.jpg 768w, https:\/\/dressler-hassloch.de\/wp-content\/uploads\/DSCN0112_WW-1024x683.jpg 1024w, https:\/\/dressler-hassloch.de\/wp-content\/uploads\/DSCN0112_WW-624x416.jpg 624w, https:\/\/dressler-hassloch.de\/wp-content\/uploads\/DSCN0112_WW.jpg 1200w\" sizes=\"(max-width: 300px) 100vw, 300px\" \/><\/a><\/p>\n<p>Die <a href=\"https:\/\/www.komoot.de\/tour\/10202417\" target=\"_blank\" rel=\"noopener\">zweite Tour<\/a> f\u00fchrte uns in \u00f6stlicher Richtung zum Wasserschloss Laarne und dann an der Schelde entlang bis zu dem St\u00e4dtchen Dendermonde. Von dort ging es mit dem Bus zur\u00fcck.<\/p>\n<p><a href=\"http:\/\/dressler-hassloch.de\/wp-content\/uploads\/DSCN0131_WW.jpg\"><img decoding=\"async\" loading=\"lazy\" class=\"alignnone size-medium wp-image-1270\" src=\"http:\/\/dressler-hassloch.de\/wp-content\/uploads\/DSCN0131_WW-300x200.jpg\" alt=\"DSCN0131_WW\" width=\"300\" height=\"200\" srcset=\"https:\/\/dressler-hassloch.de\/wp-content\/uploads\/DSCN0131_WW-300x200.jpg 300w, https:\/\/dressler-hassloch.de\/wp-content\/uploads\/DSCN0131_WW-768x512.jpg 768w, https:\/\/dressler-hassloch.de\/wp-content\/uploads\/DSCN0131_WW-1024x683.jpg 1024w, https:\/\/dressler-hassloch.de\/wp-content\/uploads\/DSCN0131_WW-624x416.jpg 624w, https:\/\/dressler-hassloch.de\/wp-content\/uploads\/DSCN0131_WW.jpg 1200w\" sizes=\"(max-width: 300px) 100vw, 300px\" \/><\/a><a href=\"http:\/\/dressler-hassloch.de\/wp-content\/uploads\/DSCN0192_AW.jpg\"> <img decoding=\"async\" loading=\"lazy\" class=\"alignnone size-medium wp-image-1268\" src=\"http:\/\/dressler-hassloch.de\/wp-content\/uploads\/DSCN0192_AW-300x200.jpg\" alt=\"DSCN0192_AW\" width=\"300\" height=\"200\" srcset=\"https:\/\/dressler-hassloch.de\/wp-content\/uploads\/DSCN0192_AW-300x200.jpg 300w, https:\/\/dressler-hassloch.de\/wp-content\/uploads\/DSCN0192_AW-768x512.jpg 768w, https:\/\/dressler-hassloch.de\/wp-content\/uploads\/DSCN0192_AW-1024x683.jpg 1024w, https:\/\/dressler-hassloch.de\/wp-content\/uploads\/DSCN0192_AW-624x416.jpg 624w, https:\/\/dressler-hassloch.de\/wp-content\/uploads\/DSCN0192_AW.jpg 1200w\" sizes=\"(max-width: 300px) 100vw, 300px\" \/><\/a><\/p>\n<p>Am vierten Tag wechselten wir das Hotel. Erst waren wir in einem Holiday Inn bei Gent, dann in einem <a href=\"https:\/\/www.hotelbrugge-oostkamp.be\/de\" target=\"_blank\" rel=\"noopener\">Van der Valk bei Brugge<\/a>.<\/p>\n<p>Die <a href=\"https:\/\/www.komoot.de\/tour\/10229706\" target=\"_blank\" rel=\"noopener\">dritte Tour<\/a> f\u00fchrte dann von Damme (bei Brugge) nach Sluis in den Niederlanden (hier bekam ich die versprochenen Muscheln mit Fritten), dann nach Knokke an der Nordsee (mit ordentlichem Gegenwind) und wieder nach Brugge zur\u00fcck.<\/p>\n<p>Die <a href=\"https:\/\/www.komoot.de\/tour\/10253866\" target=\"_blank\" rel=\"noopener\">vierte Tour<\/a> startete in Brugge, weiter radelten wr nach Blankenberge an der Nordsee und dann in s\u00fcdlicher Richtung nach Oostende. Kurz vor Oostende \u00fcberquerten wir die Hafeneinfahrt mit einer richtigen F\u00e4hre f\u00fcr Fu\u00dfg\u00e4nger und Radfahrer. Von Oostende ging es mit dem Bus zur\u00fcck.<\/p>\n<p>Am Nordseestrand hatte man einen herrlich weichen Sand, aber die H\u00e4userzeilen am Ufer war in Knokke, Blankenberge und Oostende recht beachtlich, 6 &#8211; 8 Stockwerke waren da schon zu sehen.<\/p>\n<p>Wie bei Pfadt-Reisen \u00fcblich trafen wir unseren Bus meist zweimal am Tag. Einige Radfahrer w\u00e4hlten dann auch die M\u00f6glichkeit auf den Bus umzusteigen. Wir selbst radelten aber die vollen 210 Kilometer. Mit jedem Radeltag verbesserte sich auch die Abstimmung innerhalb der Gruppe, auch das Wetter wurde von Tag zu Tag besser.<\/p>\n<p>Eine Besonderheit sahen wir als Radfahrer in Flandern: Das Netz der Radfahrwege ist dort auf seiner untersten Ebene mit &#8220;Knotenpunkten&#8221; markiert. Jeder dieser Wegpunkte ist auf einem Pfahl mit einer Nummer notiert und darunter stehen dann mit Richtungspfeil die von hier aus erreichbaren Nachbarpunkte. Unser Radf\u00fchrer hatte eine vorbereitete Liste mit Knotenpunkten und sah nur selten mal auf seiner Karte nach. Die Entfernung von Punkt zu Punkt liegt meist unter einem Kilometer. In einer lokalen Radkarte sind dann alle Knotenpnkte aufgelistet. Es gibt aber auch durchg\u00e4ngig markierte Fernwege.<\/p>\n<p>Flandern hat uns vom Sattel aus sehr gut gefallen, das Radwegenetz ist dicht und in einem guten Zustand. In den St\u00e4dten und D\u00f6rfern findet man gen\u00fcgend Interessantes und die Autofahrer waren sehr freundlich zu uns Radfahrern.<\/p>\n<p>Ich hatte mein Komoot an, aber nur zwei der vier Touren sind vollst\u00e4ndig. Einmal habe ich Komoot nach der Mittagspause nicht wieder gestartet und einmal habe ich das Ladekabel (zum Nachladen) im Hotel vergessen. Die geplanten Endpunkte sind dann in Klammern gesetzt.<\/p>\n<p><iframe loading=\"lazy\" src=\"https:\/\/www.komoot.de\/tour\/10184139\/embed\" width=\"640\" height=\"440\" frameborder=\"0\" marginwidth=\"0\" marginheight=\"0\" scrolling=\"no\"><\/iframe><br \/>\n<iframe loading=\"lazy\" src=\"https:\/\/www.komoot.de\/tour\/10202417\/embed\" width=\"640\" height=\"440\" frameborder=\"0\" marginwidth=\"0\" marginheight=\"0\" scrolling=\"no\"><\/iframe><br \/>\n<iframe loading=\"lazy\" src=\"https:\/\/www.komoot.de\/tour\/10229706\/embed\" width=\"640\" height=\"440\" frameborder=\"0\" marginwidth=\"0\" marginheight=\"0\" scrolling=\"no\"><\/iframe><br \/>\n<iframe loading=\"lazy\" src=\"https:\/\/www.komoot.de\/tour\/10253866\/embed\" width=\"640\" height=\"440\" frameborder=\"0\" marginwidth=\"0\" marginheight=\"0\" scrolling=\"no\"><\/iframe><\/p>\n","protected":false},"excerpt":{"rendered":"<p>Auch dieses Jahr g\u00f6nnten wir uns eine gef\u00fchrte Bus-Radtour mit Pfadt-Reisen in Germersheim. Wir waren 24 Radler, die eigenen R\u00e4der kamen in den Anh\u00e4nger und es ging nach Flandern. (2. &#8211; 7. Juli) Die erste Station war Gent, wo wir am sp\u00e4teren Nachmittag mit unserem lokalen Radf\u00fchrer eine Stadtf\u00fchrung hatten. So bekamen wir einen ersten [&hellip;]<\/p>\n","protected":false},"author":1,"featured_media":0,"comment_status":"closed","ping_status":"open","sticky":false,"template":"","format":"standard","meta":[],"categories":[19],"tags":[23],"_links":{"self":[{"href":"https:\/\/dressler-hassloch.de\/index.php?rest_route=\/wp\/v2\/posts\/1263"}],"collection":[{"href":"https:\/\/dressler-hassloch.de\/index.php?rest_route=\/wp\/v2\/posts"}],"about":[{"href":"https:\/\/dressler-hassloch.de\/index.php?rest_route=\/wp\/v2\/types\/post"}],"author":[{"embeddable":true,"href":"https:\/\/dressler-hassloch.de\/index.php?rest_route=\/wp\/v2\/users\/1"}],"replies":[{"embeddable":true,"href":"https:\/\/dressler-hassloch.de\/index.php?rest_route=%2Fwp%2Fv2%2Fcomments&post=1263"}],"version-history":[{"count":1,"href":"https:\/\/dressler-hassloch.de\/index.php?rest_route=\/wp\/v2\/posts\/1263\/revisions"}],"predecessor-version":[{"id":3118,"href":"https:\/\/dressler-hassloch.de\/index.php?rest_route=\/wp\/v2\/posts\/1263\/revisions\/3118"}],"wp:attachment":[{"href":"https:\/\/dressler-hassloch.de\/index.php?rest_route=%2Fwp%2Fv2%2Fmedia&parent=1263"}],"wp:term":[{"taxonomy":"category","embeddable":true,"href":"https:\/\/dressler-hassloch.de\/index.php?rest_route=%2Fwp%2Fv2%2Fcategories&post=1263"},{"taxonomy":"post_tag","embeddable":true,"href":"https:\/\/dressler-hassloch.de\/index.php?rest_route=%2Fwp%2Fv2%2Ftags&post=1263"}],"curies":[{"name":"wp","href":"https:\/\/api.w.org\/{rel}","templated":true}]}}