{"id":1207,"date":"2016-04-06T19:12:48","date_gmt":"2016-04-06T18:12:48","guid":{"rendered":"http:\/\/dressler-hassloch.de\/?p=1207"},"modified":"2016-04-06T19:12:48","modified_gmt":"2016-04-06T18:12:48","slug":"fruehjahr-2016","status":"publish","type":"post","link":"https:\/\/dressler-hassloch.de\/?p=1207","title":{"rendered":"Fr\u00fchjahr 2016"},"content":{"rendered":"<p>Unsere Magnolie hat mit ihrer Vollbl\u00fcte am 2.4. endg\u00fcltig das Fr\u00fchjahr im Garten eingel\u00e4utet. Die Rosa-Phase zuvor hat ungef\u00e4hr eine Wochen gedauert, da war es auch deutlich k\u00fchler. Am 6.4. kamen dann die S\u00fc\u00dfkirsche und die Mirabelle zum Bl\u00fchen. Die Felsenbirne f\u00e4ngt ebenfalls an, die zwei Birnb\u00e4umchen zeigen ihre ersten offenen Bl\u00fcten.<\/p>\n<p><a href=\"http:\/\/dressler-hassloch.de\/wp-content\/uploads\/DSCN9505_W.jpg\"><img decoding=\"async\" loading=\"lazy\" class=\"alignnone size-medium wp-image-1209\" src=\"http:\/\/dressler-hassloch.de\/wp-content\/uploads\/DSCN9505_W-300x225.jpg\" alt=\"DSCN9505_W\" width=\"300\" height=\"225\" srcset=\"https:\/\/dressler-hassloch.de\/wp-content\/uploads\/DSCN9505_W-300x225.jpg 300w, https:\/\/dressler-hassloch.de\/wp-content\/uploads\/DSCN9505_W-1024x768.jpg 1024w, https:\/\/dressler-hassloch.de\/wp-content\/uploads\/DSCN9505_W-624x468.jpg 624w, https:\/\/dressler-hassloch.de\/wp-content\/uploads\/DSCN9505_W.jpg 1200w\" sizes=\"(max-width: 300px) 100vw, 300px\" \/><\/a><\/p>\n<p>Wir sind also trotz des teils kalten M\u00e4rz einige Tage fr\u00fcher als 2015.<\/p>\n<p>Am 3.4. konnte man bei 20\u00b0 schon zwei Stunden unter der Magnolie aushalten und einen Kaffee trinken.<\/p>\n","protected":false},"excerpt":{"rendered":"<p>Unsere Magnolie hat mit ihrer Vollbl\u00fcte am 2.4. endg\u00fcltig das Fr\u00fchjahr im Garten eingel\u00e4utet. Die Rosa-Phase zuvor hat ungef\u00e4hr eine Wochen gedauert, da war es auch deutlich k\u00fchler. Am 6.4. kamen dann die S\u00fc\u00dfkirsche und die Mirabelle zum Bl\u00fchen. Die Felsenbirne f\u00e4ngt ebenfalls an, die zwei Birnb\u00e4umchen zeigen ihre ersten offenen Bl\u00fcten. Wir sind also [&hellip;]<\/p>\n","protected":false},"author":1,"featured_media":0,"comment_status":"closed","ping_status":"open","sticky":false,"template":"","format":"standard","meta":[],"categories":[8],"tags":[],"_links":{"self":[{"href":"https:\/\/dressler-hassloch.de\/index.php?rest_route=\/wp\/v2\/posts\/1207"}],"collection":[{"href":"https:\/\/dressler-hassloch.de\/index.php?rest_route=\/wp\/v2\/posts"}],"about":[{"href":"https:\/\/dressler-hassloch.de\/index.php?rest_route=\/wp\/v2\/types\/post"}],"author":[{"embeddable":true,"href":"https:\/\/dressler-hassloch.de\/index.php?rest_route=\/wp\/v2\/users\/1"}],"replies":[{"embeddable":true,"href":"https:\/\/dressler-hassloch.de\/index.php?rest_route=%2Fwp%2Fv2%2Fcomments&post=1207"}],"version-history":[{"count":0,"href":"https:\/\/dressler-hassloch.de\/index.php?rest_route=\/wp\/v2\/posts\/1207\/revisions"}],"wp:attachment":[{"href":"https:\/\/dressler-hassloch.de\/index.php?rest_route=%2Fwp%2Fv2%2Fmedia&parent=1207"}],"wp:term":[{"taxonomy":"category","embeddable":true,"href":"https:\/\/dressler-hassloch.de\/index.php?rest_route=%2Fwp%2Fv2%2Fcategories&post=1207"},{"taxonomy":"post_tag","embeddable":true,"href":"https:\/\/dressler-hassloch.de\/index.php?rest_route=%2Fwp%2Fv2%2Ftags&post=1207"}],"curies":[{"name":"wp","href":"https:\/\/api.w.org\/{rel}","templated":true}]}}