{"id":104,"date":"2013-02-21T13:10:02","date_gmt":"2013-02-21T12:10:02","guid":{"rendered":"http:\/\/dressler-hassloch.de\/?p=104"},"modified":"2014-07-29T07:50:27","modified_gmt":"2014-07-29T06:50:27","slug":"erste-storche-in-lachen-speyerdorf","status":"publish","type":"post","link":"https:\/\/dressler-hassloch.de\/?p=104","title":{"rendered":"Erste St\u00f6rche in Lachen-Speyerdorf"},"content":{"rendered":"<p>In der Rheinpfalz war heute das erste Bild vom ersten Storch am Nest in Lachen-Speyerdorf.<\/p>\n<p>Meine Radtour bei knapp \u00fcber Null Grad und Nordostwind bescherte mir dann zwei St\u00f6rche, die (bibbernd und m\u00fcde) auf dem Nest standen. Auch ein Klappern war schon zu h\u00f6ren.<\/p>\n<p>Die Saison hat also begonnen.<\/p>\n","protected":false},"excerpt":{"rendered":"<p>In der Rheinpfalz war heute das erste Bild vom ersten Storch am Nest in Lachen-Speyerdorf. Meine Radtour bei knapp \u00fcber Null Grad und Nordostwind bescherte mir dann zwei St\u00f6rche, die (bibbernd und m\u00fcde) auf dem Nest standen. Auch ein Klappern war schon zu h\u00f6ren. Die Saison hat also begonnen.<\/p>\n","protected":false},"author":1,"featured_media":0,"comment_status":"open","ping_status":"open","sticky":false,"template":"","format":"standard","meta":[],"categories":[1,7],"tags":[15],"_links":{"self":[{"href":"https:\/\/dressler-hassloch.de\/index.php?rest_route=\/wp\/v2\/posts\/104"}],"collection":[{"href":"https:\/\/dressler-hassloch.de\/index.php?rest_route=\/wp\/v2\/posts"}],"about":[{"href":"https:\/\/dressler-hassloch.de\/index.php?rest_route=\/wp\/v2\/types\/post"}],"author":[{"embeddable":true,"href":"https:\/\/dressler-hassloch.de\/index.php?rest_route=\/wp\/v2\/users\/1"}],"replies":[{"embeddable":true,"href":"https:\/\/dressler-hassloch.de\/index.php?rest_route=%2Fwp%2Fv2%2Fcomments&post=104"}],"version-history":[{"count":0,"href":"https:\/\/dressler-hassloch.de\/index.php?rest_route=\/wp\/v2\/posts\/104\/revisions"}],"wp:attachment":[{"href":"https:\/\/dressler-hassloch.de\/index.php?rest_route=%2Fwp%2Fv2%2Fmedia&parent=104"}],"wp:term":[{"taxonomy":"category","embeddable":true,"href":"https:\/\/dressler-hassloch.de\/index.php?rest_route=%2Fwp%2Fv2%2Fcategories&post=104"},{"taxonomy":"post_tag","embeddable":true,"href":"https:\/\/dressler-hassloch.de\/index.php?rest_route=%2Fwp%2Fv2%2Ftags&post=104"}],"curies":[{"name":"wp","href":"https:\/\/api.w.org\/{rel}","templated":true}]}}